{"id":83703,"date":"2021-10-15T16:07:56","date_gmt":"2021-10-15T14:07:56","guid":{"rendered":"https:\/\/www.messinaoggi.it\/website\/2021\/10\/15\/via-libera-al-decreto-fiscale-e-nuove-norme-per-la-sicurezza-sul-lavoro\/"},"modified":"2021-10-15T16:07:56","modified_gmt":"2021-10-15T14:07:56","slug":"via-libera-al-decreto-fiscale-e-nuove-norme-per-la-sicurezza-sul-lavoro","status":"publish","type":"post","link":"https:\/\/www.messinaoggi.it\/website\/2021\/10\/15\/via-libera-al-decreto-fiscale-e-nuove-norme-per-la-sicurezza-sul-lavoro\/","title":{"rendered":"Via libera al decreto fiscale e nuove norme per la sicurezza sul lavoro"},"content":{"rendered":"<div>ROMA (ITALPRESS) &#8211; Il Consiglio dei ministri ha approvato il decreto legge &#8220;Misure urgenti in materia economica e fiscale, a tutela del lavoro e per esigenze indifferibili&#8221;.<br \/>Il decreto interviene con una serie di misure sul mondo del lavoro, a cominciare dalla sicurezza: le norme approvate consentiranno infatti di intervenire con maggiore efficacia sulle imprese che non rispettano le misure di prevenzione o che utilizzano lavoratori in nero.<br \/>L&#8217;obiettivo \u00e8 quello di incentivare e semplificare l&#8217;attivit\u00e0 di vigilanza in materia di salute e sicurezza sul lavoro e di un maggiore coordinamento dei soggetti competenti a presidiare il rispetto delle disposizioni per assicurare la prevenzione. <br \/>(ITALPRESS) &#8211; (SEGUE).<br \/>Cambiano anche le condizioni necessarie per l&#8217;adozione del provvedimento cautelare della sospensione dell&#8217;attivit\u00e0 imprenditoriale interessata dalle violazioni: 10% e non pi\u00f9 20% del personale &#8220;in nero&#8221; presente sul luogo di lavoro. Non \u00e8 pi\u00f9 richiesta alcuna &#8220;recidiva&#8221; ai fini della adozione del provvedimento che scatter\u00e0 subito a fronte di gravi violazioni prevenzionistiche.<br \/>Nel caso in cui vengano accertate gravi violazioni in materia di tutela della salute e della sicurezza del lavoro, \u00e8 prevista la sospensione dell&#8217;attivit\u00e0, anche senza la necessit\u00e0 di una reiterazione degli illeciti.<br \/>Per poter riprendere l&#8217;attivit\u00e0 produttiva \u00e8 necessario non soltanto il ripristino delle regolari condizioni di lavoro, ma anche il pagamento di una somma aggiuntiva di importo variabile a seconda delle fattispecie di violazione. L&#8217;importo \u00e8 raddoppiato se, nei cinque anni precedenti, la stessa impresa ha gi\u00e0 avuto un provvedimento di sospensione.<br \/>Sono estese le competenze di coordinamento all&#8217;INL &#8211; Ispettorato Nazionale del Lavoro &#8211; negli ambiti della salute e sicurezza del lavoro. All&#8217;estensione delle competenze attribuite all&#8217;INL si accompagneranno un aumento dell&#8217;organico &#8211; \u00e8 prevista l&#8217;assunzione di 1.024 unit\u00e0 &#8211; e un investimento in tecnologie di oltre 3,7 milioni di euro nel biennio 2022\/2023 per dotare il nuovo personale ispettivo della strumentazione informatica necessaria a svolgere l&#8217;attivit\u00e0 di vigilanza.<br \/>Sul fronte fiscale \u00e8 previsto il differimento del versamento delle rate delle definizioni agevolate dei carichi affidati alla riscossione (cosiddetti &#8220;rottamazione-ter&#8221; e &#8220;saldo e stralcio&#8221;) originariamente in scadenza a decorrere dal 2020. In particolare, potranno essere versate entro il 30 novembre 2021 le rate in scadenza nel 2020 e in scadenza dal 28 febbraio al 31 luglio 2021.<br \/>Viene prolungato a 150 giorni dalla notifica, invece di 60, il termine per l&#8217;adempimento spontaneo delle cartelle di pagamento notificate dal primo settembre al 31 dicembre 2021. Fino allo scadere del termine dei 150 giorni non saranno dovuti interessi di mora e l&#8217;agente della riscossione non potr\u00e0 agire per il recupero del debito.<br \/>Per i piani di rateizzazione gi\u00e0 in essere prima dell&#8217;inizio del periodo di sospensione della riscossione, viene esteso da 10 a 18 il numero delle rate che, se non pagate, determinano la decadenza dalla rateizzazione concessa.<br \/>(ITALPRESS).<\/div>\n<div id=\"div-gpt-ad-Messinaoggi.it-DSK-300x250-corpoart\" style=\"text-align:center;margin:0 auto;\"><\/div><\/p><div id=\"videoincontent\" style=\"clear:both\";><\/div>","protected":false},"excerpt":{"rendered":"<p>ROMA (ITALPRESS) &#8211; Il Consiglio dei ministri ha approvato il decreto legge &#8220;Misure urgenti in materia economica e fiscale, a tutela del lavoro e per esigenze indifferibili&#8221;.Il decreto interviene con una serie di misure sul mondo del lavoro, a cominciare dalla sicurezza: le norme approvate consentiranno infatti di intervenire con maggiore efficacia sulle imprese che [&hellip;]<\/p>\n","protected":false},"author":18,"featured_media":83704,"comment_status":"closed","ping_status":"closed","sticky":false,"template":"","format":"standard","meta":{"ub_ctt_via":"","_mi_skip_tracking":false},"categories":[446],"tags":[783],"featured_image_src":"https:\/\/www.messinaoggi.it\/website\/wp-content\/uploads\/2021\/10\/20211015_1634.jpg","author_info":{"display_name":"Admin","author_link":"https:\/\/www.messinaoggi.it\/website\/author\/admin\/"},"digistream_id":0,"digistream":false,"_links":{"self":[{"href":"https:\/\/www.messinaoggi.it\/website\/wp-json\/wp\/v2\/posts\/83703"}],"collection":[{"href":"https:\/\/www.messinaoggi.it\/website\/wp-json\/wp\/v2\/posts"}],"about":[{"href":"https:\/\/www.messinaoggi.it\/website\/wp-json\/wp\/v2\/types\/post"}],"author":[{"embeddable":true,"href":"https:\/\/www.messinaoggi.it\/website\/wp-json\/wp\/v2\/users\/18"}],"replies":[{"embeddable":true,"href":"https:\/\/www.messinaoggi.it\/website\/wp-json\/wp\/v2\/comments?post=83703"}],"version-history":[{"count":0,"href":"https:\/\/www.messinaoggi.it\/website\/wp-json\/wp\/v2\/posts\/83703\/revisions"}],"wp:featuredmedia":[{"embeddable":true,"href":"https:\/\/www.messinaoggi.it\/website\/wp-json\/wp\/v2\/media\/83704"}],"wp:attachment":[{"href":"https:\/\/www.messinaoggi.it\/website\/wp-json\/wp\/v2\/media?parent=83703"}],"wp:term":[{"taxonomy":"category","embeddable":true,"href":"https:\/\/www.messinaoggi.it\/website\/wp-json\/wp\/v2\/categories?post=83703"},{"taxonomy":"post_tag","embeddable":true,"href":"https:\/\/www.messinaoggi.it\/website\/wp-json\/wp\/v2\/tags?post=83703"}],"curies":[{"name":"wp","href":"https:\/\/api.w.org\/{rel}","templated":true}]}}