{"id":83678,"date":"2021-10-15T15:07:39","date_gmt":"2021-10-15T13:07:39","guid":{"rendered":"https:\/\/www.messinaoggi.it\/website\/2021\/10\/15\/inzaghi-con-la-lazio-non-sara-una-gara-come-le-altre\/"},"modified":"2021-10-15T17:28:06","modified_gmt":"2021-10-15T15:28:06","slug":"inzaghi-con-la-lazio-non-sara-una-gara-come-le-altre","status":"publish","type":"post","link":"https:\/\/www.messinaoggi.it\/website\/2021\/10\/15\/inzaghi-con-la-lazio-non-sara-una-gara-come-le-altre\/","title":{"rendered":"Inzaghi \u201cCon la Lazio non sar\u00e0 una gara come le altre\u201d"},"content":{"rendered":"<div>ROMA (ITALPRESS) &#8211; &#8220;Cercheremo di farci trovare pronti, i ragazzi che hanno lavorato qua sono stati 6-7, sono rientrati i nazionali europei abbastanza bene con problemini di poco conto. Ora attendiamo il rientro dei sudamericani&#8221;. Cos\u00ec il tecnico dell&#8217;Inter, Simone Inzaghi, alla vigilia della sfida con la sua ex squadra, la Lazio. &#8220;La Lazio ha fatto ottime partite, \u00e8 una squadra costruita molto bene con ottime qualit\u00e0 &#8211; ha detto il mister dei campioni d&#8217;Italia in conferenza stampa &#8211; E&#8217; arrivato un allenatore nuovo (Sarri, ndr), molto bravo ad organizzare le squadre: la Lazio sar\u00e0 arrabbiata per aver perso l&#8217;ultima gara ed avr\u00e0 voglia di fare bene&#8221;. Privo di Sanchez e Vidal, e con Martinez e Correa da valutare, Inzaghi far\u00e0 ancora a meno di Sensi: &#8220;Si \u00e8 allenato discretamente in gruppo, non calcia ancora liberamente di destro per la distorsione ma abbiamo avuto ottime sensazioni: speriamo di recuperarlo con noi per la prossima partita&#8221;. Per Inzaghi junior sar\u00e0 la &#8216;prima volt\u00e0 all&#8217;Olimpico da avversario: &#8220;E&#8217; chiaro non sar\u00e0 una partita come le altre: \u00e8 un ritorno in quella che \u00e8 stata casa mia per 22 anni, sar\u00e0 una grandissima emozione rivedere i ragazzi che negli anni mi hanno dato tutto e quelle persone che dietro le quinte sono state speciali. Sar\u00e0 emozionante rivedere anche i tifosi della Lazio, che per me sono stati importantissimi. In questi anni abbiamo gioito e sofferto insieme, raggiungendo traguardi che da tempo non si raggiungevano. So che ci saranno fischi e applausi e li accetter\u00f2, loro sanno che da giocatore e allenatore ho sempre dato tutto per quei colori. Lotito? Leggo e ascolto tutto, ma lui e Tare sono state due persone molto importanti per la mia carriera di allenatore. Grazie a loro &#8211; conclude Inzaghi &#8211; ho avuto la fortuna di allenare la Lazio, non finir\u00f2 mai di ringraziarli, sapendo che ci siamo integrati bene, ottenendo grandissimi risultati&#8221;.<br \/>(ITALPRESS).<\/div>\n<div id=\"div-gpt-ad-Messinaoggi.it-DSK-300x250-corpoart\" style=\"text-align:center;margin:0 auto;\"><\/div><\/p><div id=\"videoincontent\" style=\"clear:both\";><\/div>","protected":false},"excerpt":{"rendered":"<p>ROMA (ITALPRESS) &#8211; &#8220;Cercheremo di farci trovare pronti, i ragazzi che hanno lavorato qua sono stati 6-7, sono rientrati i nazionali europei abbastanza bene con problemini di poco conto. Ora attendiamo il rientro dei sudamericani&#8221;. Cos\u00ec il tecnico dell&#8217;Inter, Simone Inzaghi, alla vigilia della sfida con la sua ex squadra, la Lazio. &#8220;La Lazio ha [&hellip;]<\/p>\n","protected":false},"author":18,"featured_media":83679,"comment_status":"closed","ping_status":"closed","sticky":false,"template":"","format":"standard","meta":{"ub_ctt_via":"","_mi_skip_tracking":false},"categories":[10,446,9],"tags":[783],"featured_image_src":"https:\/\/www.messinaoggi.it\/website\/wp-content\/uploads\/2021\/10\/20211015_1111.jpg","author_info":{"display_name":"Admin","author_link":"https:\/\/www.messinaoggi.it\/website\/author\/admin\/"},"digistream_id":0,"digistream":false,"_links":{"self":[{"href":"https:\/\/www.messinaoggi.it\/website\/wp-json\/wp\/v2\/posts\/83678"}],"collection":[{"href":"https:\/\/www.messinaoggi.it\/website\/wp-json\/wp\/v2\/posts"}],"about":[{"href":"https:\/\/www.messinaoggi.it\/website\/wp-json\/wp\/v2\/types\/post"}],"author":[{"embeddable":true,"href":"https:\/\/www.messinaoggi.it\/website\/wp-json\/wp\/v2\/users\/18"}],"replies":[{"embeddable":true,"href":"https:\/\/www.messinaoggi.it\/website\/wp-json\/wp\/v2\/comments?post=83678"}],"version-history":[{"count":1,"href":"https:\/\/www.messinaoggi.it\/website\/wp-json\/wp\/v2\/posts\/83678\/revisions"}],"predecessor-version":[{"id":83732,"href":"https:\/\/www.messinaoggi.it\/website\/wp-json\/wp\/v2\/posts\/83678\/revisions\/83732"}],"wp:featuredmedia":[{"embeddable":true,"href":"https:\/\/www.messinaoggi.it\/website\/wp-json\/wp\/v2\/media\/83679"}],"wp:attachment":[{"href":"https:\/\/www.messinaoggi.it\/website\/wp-json\/wp\/v2\/media?parent=83678"}],"wp:term":[{"taxonomy":"category","embeddable":true,"href":"https:\/\/www.messinaoggi.it\/website\/wp-json\/wp\/v2\/categories?post=83678"},{"taxonomy":"post_tag","embeddable":true,"href":"https:\/\/www.messinaoggi.it\/website\/wp-json\/wp\/v2\/tags?post=83678"}],"curies":[{"name":"wp","href":"https:\/\/api.w.org\/{rel}","templated":true}]}}