{"id":83658,"date":"2021-10-15T12:07:33","date_gmt":"2021-10-15T10:07:33","guid":{"rendered":"https:\/\/www.messinaoggi.it\/website\/2021\/10\/15\/mattarella-pandemia-ha-aumentato-poverta-e-malnutrizione\/"},"modified":"2021-10-15T12:07:33","modified_gmt":"2021-10-15T10:07:33","slug":"mattarella-pandemia-ha-aumentato-poverta-e-malnutrizione","status":"publish","type":"post","link":"https:\/\/www.messinaoggi.it\/website\/2021\/10\/15\/mattarella-pandemia-ha-aumentato-poverta-e-malnutrizione\/","title":{"rendered":"Mattarella \u201cPandemia ha aumentato povert\u00e0 e malnutrizione\u201d"},"content":{"rendered":"<div>ROMA (ITALPRESS) &#8211; &#8220;La Giornata mondiale dell&#8217;alimentazione offre una preziosa opportunit\u00e0 di riflessione sulle drammatiche conseguenze della pandemia, segnate dall&#8217;aumento dei livelli di povert\u00e0 e malnutrizione. Lo stato della sicurezza alimentare nel mondo \u00e8 sensibilmente peggiorato. La comunit\u00e0 internazionale dovr\u00e0 saper dare adeguato seguito alle raccomandazioni del recente vertice sui sistemi alimentari, valorizzando le naturali sinergie del sistema Onu e le competenze delle agenzie delle Nazioni Unite insediate a Roma&#8221;. Cos\u00ec il presidente della Repubblica, Sergio Mattarella. &#8220;L&#8217;Italia, presidente di turno del G20, ha assunto come temi quelli di people, planet e prosperity.<br \/>Si tratta di riprendere uno degli intenti pi\u00f9 ambiziosi dell&#8217;agenda 2030 per lo sviluppo sostenibile: &#8216;sconfiggere la fam\u00e8&#8221;, aggiunge. &#8220;La Dichiarazione di Matera sulla sicurezza alimentare e l&#8217;iniziativa tesa a mobilitare una nuova &#8216;coalizione per il cib\u00f2, sono punti fermi da cui muovere, nel pieno rispetto delle culture alimentari di ciascuno, consapevoli che non esistono soluzioni preconfezionate per raggiungere l&#8217;obiettivo &#8216;fame zer\u00f2. La sostenibilit\u00e0 ambientale \u00e8 a sua volta cruciale a questo fine e interpella l&#8217;impatto climatico determinato dalla stessa produzione agricola e dall&#8217;allevamento. La COP26 sul clima, che vede coinvolta l&#8217;Italia in partenariato con il Regno Unito, costituir\u00e0 una tappa importante di un percorso di attenzione al rapporto tra nutrizione e cura dell&#8217;ambiente, tema essenziale se vogliamo consegnare alle giovani generazioni un futuro ricco di opportunit\u00e0&#8221;, conclude il capo dello Stato.<br \/>(ITALPRESS).<\/div>\n<div id=\"div-gpt-ad-Messinaoggi.it-DSK-300x250-corpoart\" style=\"text-align:center;margin:0 auto;\"><\/div><\/p><div id=\"videoincontent\" style=\"clear:both\";><\/div>","protected":false},"excerpt":{"rendered":"<p>ROMA (ITALPRESS) &#8211; &#8220;La Giornata mondiale dell&#8217;alimentazione offre una preziosa opportunit\u00e0 di riflessione sulle drammatiche conseguenze della pandemia, segnate dall&#8217;aumento dei livelli di povert\u00e0 e malnutrizione. Lo stato della sicurezza alimentare nel mondo \u00e8 sensibilmente peggiorato. La comunit\u00e0 internazionale dovr\u00e0 saper dare adeguato seguito alle raccomandazioni del recente vertice sui sistemi alimentari, valorizzando le naturali [&hellip;]<\/p>\n","protected":false},"author":18,"featured_media":83659,"comment_status":"closed","ping_status":"closed","sticky":false,"template":"","format":"standard","meta":{"ub_ctt_via":"","_mi_skip_tracking":false},"categories":[446],"tags":[783],"featured_image_src":"https:\/\/www.messinaoggi.it\/website\/wp-content\/uploads\/2021\/10\/20211015_0407.jpg","author_info":{"display_name":"Admin","author_link":"https:\/\/www.messinaoggi.it\/website\/author\/admin\/"},"digistream_id":0,"digistream":false,"_links":{"self":[{"href":"https:\/\/www.messinaoggi.it\/website\/wp-json\/wp\/v2\/posts\/83658"}],"collection":[{"href":"https:\/\/www.messinaoggi.it\/website\/wp-json\/wp\/v2\/posts"}],"about":[{"href":"https:\/\/www.messinaoggi.it\/website\/wp-json\/wp\/v2\/types\/post"}],"author":[{"embeddable":true,"href":"https:\/\/www.messinaoggi.it\/website\/wp-json\/wp\/v2\/users\/18"}],"replies":[{"embeddable":true,"href":"https:\/\/www.messinaoggi.it\/website\/wp-json\/wp\/v2\/comments?post=83658"}],"version-history":[{"count":0,"href":"https:\/\/www.messinaoggi.it\/website\/wp-json\/wp\/v2\/posts\/83658\/revisions"}],"wp:featuredmedia":[{"embeddable":true,"href":"https:\/\/www.messinaoggi.it\/website\/wp-json\/wp\/v2\/media\/83659"}],"wp:attachment":[{"href":"https:\/\/www.messinaoggi.it\/website\/wp-json\/wp\/v2\/media?parent=83658"}],"wp:term":[{"taxonomy":"category","embeddable":true,"href":"https:\/\/www.messinaoggi.it\/website\/wp-json\/wp\/v2\/categories?post=83658"},{"taxonomy":"post_tag","embeddable":true,"href":"https:\/\/www.messinaoggi.it\/website\/wp-json\/wp\/v2\/tags?post=83658"}],"curies":[{"name":"wp","href":"https:\/\/api.w.org\/{rel}","templated":true}]}}