{"id":83656,"date":"2021-10-15T12:07:31","date_gmt":"2021-10-15T10:07:31","guid":{"rendered":"https:\/\/www.messinaoggi.it\/website\/2021\/10\/15\/covid-incidenza-in-calo-e-tre-regioni-a-rischio-moderato\/"},"modified":"2021-10-15T17:28:43","modified_gmt":"2021-10-15T15:28:43","slug":"covid-incidenza-in-calo-e-tre-regioni-a-rischio-moderato","status":"publish","type":"post","link":"https:\/\/www.messinaoggi.it\/website\/2021\/10\/15\/covid-incidenza-in-calo-e-tre-regioni-a-rischio-moderato\/","title":{"rendered":"Covid, incidenza in calo e tre regioni a rischio moderato"},"content":{"rendered":"<div>ROMA (ITALPRESS) &#8211; Secondo i dati del monitoraggio della Cabina di Regia, nel periodo dall&#8217;8 al 14 ottobre \u00e8 in diminuzione l&#8217;incidenza settimanale a livello nazionale: 29 per 100.000 abitanti rispetto ai 34 dal primo al 7 ottobre. L&#8217;incidenza si trova al di sotto della soglia settimanale di 50 casi ogni 100.000 abitanti che potrebbe consentire il controllo della trasmissione basato sul contenimento ovvero sull&#8217;identificazione dei casi e sul tracciamento dei loro contatti.<br \/>Nel periodo 22 settembre-5 ottobre, l&#8217;Rt medio calcolato sui casi sintomatici \u00e8 stato pari a 0,85 (range 0,82 &#8211; 0,87), al di sotto della soglia epidemica e in leggero aumento rispetto alla settimana precedente. L&#8217;indice di trasmissibilit\u00e0 basato sui casi con ricovero ospedaliero \u00e8 pari a Rt=0,83 (0,78-0,88).<br \/>Il tasso di occupazione in terapia intensiva \u00e8 in lieve diminuzione al 3,8%. Il tasso di occupazione in aree mediche a livello nazionale diminuisce al 4,3%. Tre regioni\/province autonome risultano classificate a rischio moderato (Marche, Molise e Valle D&#8217;Aosta). Le restanti risultano classificate a rischio basso. La variante delta continua a rappresentare la quasi totalit\u00e0 dei casi in Italia. Questa variante \u00e8 anche dominante nell&#8217;intera Unione Europea ed \u00e8 associata a una maggiore trasmissibilit\u00e0.<br \/>(ITALPRESS).<\/div>\n<div id=\"div-gpt-ad-Messinaoggi.it-DSK-300x250-corpoart\" style=\"text-align:center;margin:0 auto;\"><\/div><\/p><div id=\"videoincontent\" style=\"clear:both\";><\/div>","protected":false},"excerpt":{"rendered":"<p>ROMA (ITALPRESS) &#8211; Secondo i dati del monitoraggio della Cabina di Regia, nel periodo dall&#8217;8 al 14 ottobre \u00e8 in diminuzione l&#8217;incidenza settimanale a livello nazionale: 29 per 100.000 abitanti rispetto ai 34 dal primo al 7 ottobre. L&#8217;incidenza si trova al di sotto della soglia settimanale di 50 casi ogni 100.000 abitanti che potrebbe [&hellip;]<\/p>\n","protected":false},"author":18,"featured_media":83657,"comment_status":"closed","ping_status":"closed","sticky":false,"template":"","format":"standard","meta":{"ub_ctt_via":"","_mi_skip_tracking":false},"categories":[221,446],"tags":[783],"featured_image_src":"https:\/\/www.messinaoggi.it\/website\/wp-content\/uploads\/2021\/10\/20211015_0329.jpg","author_info":{"display_name":"Admin","author_link":"https:\/\/www.messinaoggi.it\/website\/author\/admin\/"},"digistream_id":0,"digistream":false,"_links":{"self":[{"href":"https:\/\/www.messinaoggi.it\/website\/wp-json\/wp\/v2\/posts\/83656"}],"collection":[{"href":"https:\/\/www.messinaoggi.it\/website\/wp-json\/wp\/v2\/posts"}],"about":[{"href":"https:\/\/www.messinaoggi.it\/website\/wp-json\/wp\/v2\/types\/post"}],"author":[{"embeddable":true,"href":"https:\/\/www.messinaoggi.it\/website\/wp-json\/wp\/v2\/users\/18"}],"replies":[{"embeddable":true,"href":"https:\/\/www.messinaoggi.it\/website\/wp-json\/wp\/v2\/comments?post=83656"}],"version-history":[{"count":1,"href":"https:\/\/www.messinaoggi.it\/website\/wp-json\/wp\/v2\/posts\/83656\/revisions"}],"predecessor-version":[{"id":83736,"href":"https:\/\/www.messinaoggi.it\/website\/wp-json\/wp\/v2\/posts\/83656\/revisions\/83736"}],"wp:featuredmedia":[{"embeddable":true,"href":"https:\/\/www.messinaoggi.it\/website\/wp-json\/wp\/v2\/media\/83657"}],"wp:attachment":[{"href":"https:\/\/www.messinaoggi.it\/website\/wp-json\/wp\/v2\/media?parent=83656"}],"wp:term":[{"taxonomy":"category","embeddable":true,"href":"https:\/\/www.messinaoggi.it\/website\/wp-json\/wp\/v2\/categories?post=83656"},{"taxonomy":"post_tag","embeddable":true,"href":"https:\/\/www.messinaoggi.it\/website\/wp-json\/wp\/v2\/tags?post=83656"}],"curies":[{"name":"wp","href":"https:\/\/api.w.org\/{rel}","templated":true}]}}