{"id":83647,"date":"2021-10-15T11:07:39","date_gmt":"2021-10-15T09:07:39","guid":{"rendered":"https:\/\/www.messinaoggi.it\/website\/2021\/10\/15\/ad-agosto-debito-delle-amministrazioni-pubbliche-in-crescita\/"},"modified":"2021-10-15T11:07:39","modified_gmt":"2021-10-15T09:07:39","slug":"ad-agosto-debito-delle-amministrazioni-pubbliche-in-crescita","status":"publish","type":"post","link":"https:\/\/www.messinaoggi.it\/website\/2021\/10\/15\/ad-agosto-debito-delle-amministrazioni-pubbliche-in-crescita\/","title":{"rendered":"Ad agosto debito delle amministrazioni pubbliche in crescita"},"content":{"rendered":"<div>ROMA (ITALPRESS) &#8211;  Alla fine di agosto, secondo i dati della Banca d&#8217;Italia, il debito delle Amministrazioni pubbliche \u00e8 aumentato di 8,5 miliardi rispetto al mese precedente, risultando pari a 2.734,4 miliardi. L&#8217;avanzo di cassa delle Amministrazioni pubbliche (10,7 miliardi) \u00e8 stato pi\u00f9 che compensato dall&#8217;aumento delle disponibilit\u00e0 liquide del Tesoro (18,9 miliardi, a 139,7) e dall&#8217;effetto degli scarti e dei premi all&#8217;emissione e al rimborso, della rivalutazione dei titoli indicizzati all&#8217;inflazione e della variazione dei tassi di cambio (0,4 miliardi). Il debito e il fabbisogno delle Amministrazioni pubbliche includono anche la quota del prefinanziamento relativa ai prestiti erogato dalla Commissione europea lo scorso 13 agosto nell&#8217;ambito del Dispositivo di ripresa e resilienza (15,9 miliardi). Alla fine del mese i prestiti (SURE e RRF) erogati dalle istituzioni europee al nostro Paese ammontavano nel complesso a 43,4 miliardi. Con riferimento alla ripartizione per sottosettori, il debito delle Amministrazioni centrali \u00e8 aumentato di 9 miliardi, mentre quello delle Amministrazioni locali \u00e8 diminuito di 0,5 miliardi; il debito degli Enti di previdenza \u00e8 rimasto stabile. Rispetto al mese precedente, la quota del debito detenuta dalla Banca d&#8217;Italia \u00e8 cresciuta leggermente (dal 23,4 al 23,5 per cento); la vita media residua \u00e8 aumentata a 7,6 anni.<br \/>(ITALPRESS).<\/div>\n<div id=\"div-gpt-ad-Messinaoggi.it-DSK-300x250-corpoart\" style=\"text-align:center;margin:0 auto;\"><\/div><\/p><div id=\"videoincontent\" style=\"clear:both\";><\/div>","protected":false},"excerpt":{"rendered":"<p>ROMA (ITALPRESS) &#8211; Alla fine di agosto, secondo i dati della Banca d&#8217;Italia, il debito delle Amministrazioni pubbliche \u00e8 aumentato di 8,5 miliardi rispetto al mese precedente, risultando pari a 2.734,4 miliardi. L&#8217;avanzo di cassa delle Amministrazioni pubbliche (10,7 miliardi) \u00e8 stato pi\u00f9 che compensato dall&#8217;aumento delle disponibilit\u00e0 liquide del Tesoro (18,9 miliardi, a 139,7) [&hellip;]<\/p>\n","protected":false},"author":18,"featured_media":83648,"comment_status":"closed","ping_status":"closed","sticky":false,"template":"","format":"standard","meta":{"ub_ctt_via":"","_mi_skip_tracking":false},"categories":[446],"tags":[783],"featured_image_src":"https:\/\/www.messinaoggi.it\/website\/wp-content\/uploads\/2021\/10\/20211015_0274.jpg","author_info":{"display_name":"Admin","author_link":"https:\/\/www.messinaoggi.it\/website\/author\/admin\/"},"digistream_id":0,"digistream":false,"_links":{"self":[{"href":"https:\/\/www.messinaoggi.it\/website\/wp-json\/wp\/v2\/posts\/83647"}],"collection":[{"href":"https:\/\/www.messinaoggi.it\/website\/wp-json\/wp\/v2\/posts"}],"about":[{"href":"https:\/\/www.messinaoggi.it\/website\/wp-json\/wp\/v2\/types\/post"}],"author":[{"embeddable":true,"href":"https:\/\/www.messinaoggi.it\/website\/wp-json\/wp\/v2\/users\/18"}],"replies":[{"embeddable":true,"href":"https:\/\/www.messinaoggi.it\/website\/wp-json\/wp\/v2\/comments?post=83647"}],"version-history":[{"count":0,"href":"https:\/\/www.messinaoggi.it\/website\/wp-json\/wp\/v2\/posts\/83647\/revisions"}],"wp:featuredmedia":[{"embeddable":true,"href":"https:\/\/www.messinaoggi.it\/website\/wp-json\/wp\/v2\/media\/83648"}],"wp:attachment":[{"href":"https:\/\/www.messinaoggi.it\/website\/wp-json\/wp\/v2\/media?parent=83647"}],"wp:term":[{"taxonomy":"category","embeddable":true,"href":"https:\/\/www.messinaoggi.it\/website\/wp-json\/wp\/v2\/categories?post=83647"},{"taxonomy":"post_tag","embeddable":true,"href":"https:\/\/www.messinaoggi.it\/website\/wp-json\/wp\/v2\/tags?post=83647"}],"curies":[{"name":"wp","href":"https:\/\/api.w.org\/{rel}","templated":true}]}}