{"id":83635,"date":"2021-10-15T09:07:32","date_gmt":"2021-10-15T07:07:32","guid":{"rendered":"https:\/\/www.messinaoggi.it\/website\/2021\/10\/15\/salvini-spero-di-non-vedere-piu-assalti-a-sedi-sindacali\/"},"modified":"2021-10-15T09:14:37","modified_gmt":"2021-10-15T07:14:37","slug":"salvini-spero-di-non-vedere-piu-assalti-a-sedi-sindacali","status":"publish","type":"post","link":"https:\/\/www.messinaoggi.it\/website\/2021\/10\/15\/salvini-spero-di-non-vedere-piu-assalti-a-sedi-sindacali\/","title":{"rendered":"Salvini \u201cSpero di non vedere pi\u00f9 assalti a sedi sindacali\u201d"},"content":{"rendered":"<div>ROMA (ITALPRESS) &#8211; &#8220;Spero di non vedere pi\u00f9 assalti sedi sindacali, pronto soccorsi. La violenza non fa parte del confronto, per\u00f2 oggi i problemi si toccano con mano e dobbiamo aiutare i lavoratori&#8221;. Lo ha detto il leader della Lega, Matteo Salvini, ospite di Radio24. &#8220;Non c&#8217;\u00e8 un obbligo vaccinale, il vaccino \u00e8 una scelta&#8221; ha aggiunto &#8221; bisogna aiutare gli italiani a vivere in tranquillit\u00e0, senza esasperare i toni&#8221;.<br \/>(ITALPRESS).<\/div>\n<div id=\"div-gpt-ad-Messinaoggi.it-DSK-300x250-corpoart\" style=\"text-align:center;margin:0 auto;\"><\/div><\/p><div id=\"videoincontent\" style=\"clear:both\";><\/div>","protected":false},"excerpt":{"rendered":"<p>ROMA (ITALPRESS) &#8211; &#8220;Spero di non vedere pi\u00f9 assalti sedi sindacali, pronto soccorsi. La violenza non fa parte del confronto, per\u00f2 oggi i problemi si toccano con mano e dobbiamo aiutare i lavoratori&#8221;. Lo ha detto il leader della Lega, Matteo Salvini, ospite di Radio24. &#8220;Non c&#8217;\u00e8 un obbligo vaccinale, il vaccino \u00e8 una scelta&#8221; [&hellip;]<\/p>\n","protected":false},"author":18,"featured_media":83636,"comment_status":"closed","ping_status":"closed","sticky":false,"template":"","format":"standard","meta":{"ub_ctt_via":"","_mi_skip_tracking":false},"categories":[446,4],"tags":[783],"featured_image_src":"https:\/\/www.messinaoggi.it\/website\/wp-content\/uploads\/2021\/10\/20211015_0101-300x207-1.jpg","author_info":{"display_name":"Admin","author_link":"https:\/\/www.messinaoggi.it\/website\/author\/admin\/"},"digistream_id":0,"digistream":false,"_links":{"self":[{"href":"https:\/\/www.messinaoggi.it\/website\/wp-json\/wp\/v2\/posts\/83635"}],"collection":[{"href":"https:\/\/www.messinaoggi.it\/website\/wp-json\/wp\/v2\/posts"}],"about":[{"href":"https:\/\/www.messinaoggi.it\/website\/wp-json\/wp\/v2\/types\/post"}],"author":[{"embeddable":true,"href":"https:\/\/www.messinaoggi.it\/website\/wp-json\/wp\/v2\/users\/18"}],"replies":[{"embeddable":true,"href":"https:\/\/www.messinaoggi.it\/website\/wp-json\/wp\/v2\/comments?post=83635"}],"version-history":[{"count":1,"href":"https:\/\/www.messinaoggi.it\/website\/wp-json\/wp\/v2\/posts\/83635\/revisions"}],"predecessor-version":[{"id":83639,"href":"https:\/\/www.messinaoggi.it\/website\/wp-json\/wp\/v2\/posts\/83635\/revisions\/83639"}],"wp:featuredmedia":[{"embeddable":true,"href":"https:\/\/www.messinaoggi.it\/website\/wp-json\/wp\/v2\/media\/83636"}],"wp:attachment":[{"href":"https:\/\/www.messinaoggi.it\/website\/wp-json\/wp\/v2\/media?parent=83635"}],"wp:term":[{"taxonomy":"category","embeddable":true,"href":"https:\/\/www.messinaoggi.it\/website\/wp-json\/wp\/v2\/categories?post=83635"},{"taxonomy":"post_tag","embeddable":true,"href":"https:\/\/www.messinaoggi.it\/website\/wp-json\/wp\/v2\/tags?post=83635"}],"curies":[{"name":"wp","href":"https:\/\/api.w.org\/{rel}","templated":true}]}}