{"id":83634,"date":"2021-10-15T09:11:32","date_gmt":"2021-10-15T07:11:32","guid":{"rendered":"http:\/\/www.messinaoggi.it\/website\/?p=83634"},"modified":"2021-10-15T09:14:29","modified_gmt":"2021-10-15T07:14:29","slug":"de-luca-assalto-alla-uil","status":"publish","type":"post","link":"https:\/\/www.messinaoggi.it\/website\/2021\/10\/15\/de-luca-assalto-alla-uil\/","title":{"rendered":"De Luca, violento &#8220;assalto&#8221; alla Uil"},"content":{"rendered":"\n<p>Il sindaco di Messina, <strong>Cateno De Luca<\/strong>, ormai va a ruota libera nelle sue farneticanti dirette sulla pagina Fb. La violenza verbale che contraddistingue gli attacchi sferrati alla<strong> Uil di Messina<\/strong> e, in modo particolare, al presidente del Consiglio comunale, <strong>Claudio Cardile<\/strong>, sono devastanti.<div id=\"div-gpt-ad-Messinaoggi.it-DSK-300x250-corpoart\" style=\"text-align:center;margin:0 auto;\"><\/div><\/p>\n\n\n\n<p>Una violenza di cui Messina ne potrebbe fare a meno, in un contesto storico che sta vedendo i sindacati nel mirino delle <strong>frange squadriste<\/strong>. Le immagini dell\u2019assalto alla sede della<strong> Cgil di Roma<\/strong> sono sotto gli occhi di tutti e il dibattito pubblico non ha bisogno della violenza verbale del sindaco di Messina per \u201c<em>perorare\u201d<\/em> le proprie cause politiche.<div id=\"videoincontent\" style=\"clear:both\";><\/div><\/p>\n\n\n\n<p>E\u2019 inammissibile, e per questo va fermato subito, che un rappresentante delle istituzioni possa generare \u201c<em>odio<\/em>\u201d nei confronti di un\u2019organizzazione sindacale, finita ormai nel mirino di <strong>Cateno De Luca<\/strong>, dal giorno in cui il Consiglio comunale \u2013 presieduto da <strong>Claudio Cardile<\/strong>, dipendente in aspettativa di un <strong>Patronato riconducibile alla Uil<\/strong> \u2013 gli ha voltato le spalle abbandonando l\u2019aula consiliare. <\/p>\n\n\n\n<p>Il Civico consesso, quasi nella sua totalit\u00e0 (fatta eccezione per i quattro consiglieri \u2013 arruolati da De Luca), ha deciso di non ascoltare la relazione annuale del sindaco, reo di averli ripetutamente insultati con un linguaggio scurrile e violento.<\/p>\n\n\n\n<p>Da quel momento, <strong>De Luca<\/strong> ha iniziato a prendere di mira la<strong> Uil<\/strong>, definita pi\u00f9 volte una <em>cricca<\/em> che avrebbe condizionato la vita politico-amministrativa di Messina prima del suo avvento. Parole durissime per le quali certamente il sindacato retto a Messina da <strong>Ivan Tripodi<\/strong> adir\u00e0 le vie legali. <\/p>\n\n\n\n<p>Ma il tema oggi \u00e8 anche un altro: <strong>pu\u00f2 un sindaco proseguire a fomentare l\u2019odio nei confronti dei sindacati?<\/strong> La risposta \u00e8 decisamente no. Una societ\u00e0 civile non lo pu\u00f2 permettere, men che meno un sistema democratico fatto di regole da rispettare. <\/p>\n\n\n\n<p>A questo punto deve entrare in gioco il prefetto di Messina, perch\u00e9 le parole in libert\u00e0 \u2013 spesso gli insulti \u2013 possono armare gli sconsiderati. Questa \u00e8 istigazione all\u2019odio e le Istituzioni devono intervenire subito.<\/p>\n","protected":false},"excerpt":{"rendered":"<p>Il sindaco di Messina, Cateno De Luca, ormai va a ruota libera nelle sue farneticanti dirette sulla pagina Fb. La violenza verbale che contraddistingue gli attacchi sferrati alla Uil di Messina e, in modo particolare, al presidente del Consiglio comunale, Claudio Cardile, sono devastanti. Una violenza di cui Messina ne potrebbe fare a meno, in [&hellip;]<\/p>\n","protected":false},"author":2,"featured_media":21232,"comment_status":"open","ping_status":"open","sticky":false,"template":"","format":"standard","meta":{"ub_ctt_via":"","_mi_skip_tracking":false},"categories":[19],"tags":[3254,3253,954,3255,1338],"featured_image_src":"https:\/\/www.messinaoggi.it\/website\/wp-content\/uploads\/2018\/06\/De-Luca-Cateno-con-tricolore-durante-interviste-video-messinaoggiMarcyRuggi-1.jpg","author_info":{"display_name":"Redazione","author_link":"https:\/\/www.messinaoggi.it\/website\/author\/redazione\/"},"digistream_id":0,"digistream":false,"_links":{"self":[{"href":"https:\/\/www.messinaoggi.it\/website\/wp-json\/wp\/v2\/posts\/83634"}],"collection":[{"href":"https:\/\/www.messinaoggi.it\/website\/wp-json\/wp\/v2\/posts"}],"about":[{"href":"https:\/\/www.messinaoggi.it\/website\/wp-json\/wp\/v2\/types\/post"}],"author":[{"embeddable":true,"href":"https:\/\/www.messinaoggi.it\/website\/wp-json\/wp\/v2\/users\/2"}],"replies":[{"embeddable":true,"href":"https:\/\/www.messinaoggi.it\/website\/wp-json\/wp\/v2\/comments?post=83634"}],"version-history":[{"count":2,"href":"https:\/\/www.messinaoggi.it\/website\/wp-json\/wp\/v2\/posts\/83634\/revisions"}],"predecessor-version":[{"id":83638,"href":"https:\/\/www.messinaoggi.it\/website\/wp-json\/wp\/v2\/posts\/83634\/revisions\/83638"}],"wp:featuredmedia":[{"embeddable":true,"href":"https:\/\/www.messinaoggi.it\/website\/wp-json\/wp\/v2\/media\/21232"}],"wp:attachment":[{"href":"https:\/\/www.messinaoggi.it\/website\/wp-json\/wp\/v2\/media?parent=83634"}],"wp:term":[{"taxonomy":"category","embeddable":true,"href":"https:\/\/www.messinaoggi.it\/website\/wp-json\/wp\/v2\/categories?post=83634"},{"taxonomy":"post_tag","embeddable":true,"href":"https:\/\/www.messinaoggi.it\/website\/wp-json\/wp\/v2\/tags?post=83634"}],"curies":[{"name":"wp","href":"https:\/\/api.w.org\/{rel}","templated":true}]}}