{"id":83609,"date":"2021-10-14T20:07:46","date_gmt":"2021-10-14T18:07:46","guid":{"rendered":"https:\/\/www.messinaoggi.it\/website\/2021\/10\/14\/green-pass-fedriga-appello-al-buon-senso-non-dividiamo-il-paese\/"},"modified":"2021-10-14T20:07:46","modified_gmt":"2021-10-14T18:07:46","slug":"green-pass-fedriga-appello-al-buon-senso-non-dividiamo-il-paese","status":"publish","type":"post","link":"https:\/\/www.messinaoggi.it\/website\/2021\/10\/14\/green-pass-fedriga-appello-al-buon-senso-non-dividiamo-il-paese\/","title":{"rendered":"Green pass, Fedriga \u201cAppello al buon senso, non dividiamo il Paese\u201d"},"content":{"rendered":"<div>ROMA (ITALPRESS) &#8211; &#8220;Oggi ci sono state delle interlocuzioni in prefettura sull&#8217;ordine pubblico e per cercare di trovare soluzioni che non compromettono l&#8217;economia di un paese. Ho fatto appello al buon senso sapendo che stiamo venendo fuori da una emergenza grazie ai vaccini, se dividiamo il paese ci facciamo del male. Lo sforzo fatto da alcune aziende del porto, come il tampone gratuito, va nella direzione di abbassare la temperatura dello scontro, mi auguro che anche dall&#8217;altra parte ci sia questa volont\u00e0 perch\u00e8 rischiamo di fare dei danni&#8221;. Cos\u00ec Massimiliano Fedriga, presidente del Friuli Venezia Giulia e della Conferenza delle Regioni, a &#8220;Oggi \u00e8 un altro giorno&#8221; su Rai1. &#8220;Dei passi avanti, anche oltre il limite, sono stati fatti &#8211; ha aggiunto &#8211; ora spero ci siano questi passi avanti anche sul fronte della protesta, altrimenti facciamo del male anche ad altri lavoratori. Teniamo i nervi saldi, le istituzioni hanno l&#8217;obbligo di trovare delle soluzioni. Io spero che il green pass al pi\u00f9 presto diventi un ricordo, ma ora dobbiamo preservare la situazione che oggi \u00e8 sotto controllo&#8221;. <br \/>(ITALPRESS).<\/div>\n<div id=\"div-gpt-ad-Messinaoggi.it-DSK-300x250-corpoart\" style=\"text-align:center;margin:0 auto;\"><\/div><\/p><div id=\"videoincontent\" style=\"clear:both\";><\/div>","protected":false},"excerpt":{"rendered":"<p>ROMA (ITALPRESS) &#8211; &#8220;Oggi ci sono state delle interlocuzioni in prefettura sull&#8217;ordine pubblico e per cercare di trovare soluzioni che non compromettono l&#8217;economia di un paese. Ho fatto appello al buon senso sapendo che stiamo venendo fuori da una emergenza grazie ai vaccini, se dividiamo il paese ci facciamo del male. Lo sforzo fatto da [&hellip;]<\/p>\n","protected":false},"author":18,"featured_media":83610,"comment_status":"closed","ping_status":"closed","sticky":false,"template":"","format":"standard","meta":{"ub_ctt_via":"","_mi_skip_tracking":false},"categories":[446],"tags":[783],"featured_image_src":"https:\/\/www.messinaoggi.it\/website\/wp-content\/uploads\/2021\/10\/20211014_2545-700x486-1.jpg","author_info":{"display_name":"Admin","author_link":"https:\/\/www.messinaoggi.it\/website\/author\/admin\/"},"digistream_id":0,"digistream":false,"_links":{"self":[{"href":"https:\/\/www.messinaoggi.it\/website\/wp-json\/wp\/v2\/posts\/83609"}],"collection":[{"href":"https:\/\/www.messinaoggi.it\/website\/wp-json\/wp\/v2\/posts"}],"about":[{"href":"https:\/\/www.messinaoggi.it\/website\/wp-json\/wp\/v2\/types\/post"}],"author":[{"embeddable":true,"href":"https:\/\/www.messinaoggi.it\/website\/wp-json\/wp\/v2\/users\/18"}],"replies":[{"embeddable":true,"href":"https:\/\/www.messinaoggi.it\/website\/wp-json\/wp\/v2\/comments?post=83609"}],"version-history":[{"count":0,"href":"https:\/\/www.messinaoggi.it\/website\/wp-json\/wp\/v2\/posts\/83609\/revisions"}],"wp:featuredmedia":[{"embeddable":true,"href":"https:\/\/www.messinaoggi.it\/website\/wp-json\/wp\/v2\/media\/83610"}],"wp:attachment":[{"href":"https:\/\/www.messinaoggi.it\/website\/wp-json\/wp\/v2\/media?parent=83609"}],"wp:term":[{"taxonomy":"category","embeddable":true,"href":"https:\/\/www.messinaoggi.it\/website\/wp-json\/wp\/v2\/categories?post=83609"},{"taxonomy":"post_tag","embeddable":true,"href":"https:\/\/www.messinaoggi.it\/website\/wp-json\/wp\/v2\/tags?post=83609"}],"curies":[{"name":"wp","href":"https:\/\/api.w.org\/{rel}","templated":true}]}}