{"id":83605,"date":"2021-10-14T18:17:34","date_gmt":"2021-10-14T16:17:34","guid":{"rendered":"https:\/\/www.messinaoggi.it\/website\/2021\/10\/14\/continuano-a-scendere-i-casi-covid-in-sicilia-26-in-una-settimana\/"},"modified":"2021-10-14T18:17:34","modified_gmt":"2021-10-14T16:17:34","slug":"continuano-a-scendere-i-casi-covid-in-sicilia-26-in-una-settimana","status":"publish","type":"post","link":"https:\/\/www.messinaoggi.it\/website\/2021\/10\/14\/continuano-a-scendere-i-casi-covid-in-sicilia-26-in-una-settimana\/","title":{"rendered":"Continuano a scendere i casi Covid in Sicilia, -26% in una settimana"},"content":{"rendered":"<div>\n<p>PALERMO (ITALPRESS) \u2013 Continua il decremento progressivo dei nuovi casi su tutto il territorio regionale con un\u2019incidenza di 40, 8 su 100 mila abitanti che si mantiene stabilmente al di sotto della soglia dei 50 casi su 100 mila abitanti. Nell\u2019ultima settimana si \u00e8 registrato un calo di oltre il 26% di nuovi casi rispetto a quella precedente, sebbene permangano ancora differenze territoriali con un maggior interessamento nelle province di Siracusa (72,4 su 100 mila abitanti) e Catania (67 su 100 mila). La fascia d\u2019et\u00e0 maggiormente interessata \u00e8 ancora quella in et\u00e0 scolare tra i 6 e i 10 anni. E\u2019 quanto emerge dal bollettino settimanale inviato dalla regione Siciliana.<br \/>\nIn riduzione i nuovi ricoveri che negli ultimi sette giorni sono stati 117, si registra anche una riduzione progressiva dei posti letto occupati. L\u201986,9% dei soggetti attualmente ricoverati non \u00e8 vaccinato. Il tasso di letalit\u00e0 resta stabile pari a 2,3%. Le coperture vaccinali su base territoriale, riferite ad almeno una dose, risultano ancora al di sotto della media regionale (79,2%) nelle province di Caltanissetta (78,5%), Siracusa (77%) Catania (75,4%) Messina (72,9%).<br \/>\n(ITALPRESS).<div id=\"div-gpt-ad-Messinaoggi.it-DSK-300x250-corpoart\" style=\"text-align:center;margin:0 auto;\"><\/div><\/p>\n<\/div>\n<div id=\"videoincontent\" style=\"clear:both\";><\/div>","protected":false},"excerpt":{"rendered":"<p>PALERMO (ITALPRESS) \u2013 Continua il decremento progressivo dei nuovi casi su tutto il territorio regionale con un\u2019incidenza di 40, 8 su 100 mila abitanti che si mantiene stabilmente al di sotto della soglia dei 50 casi su 100 mila abitanti. Nell\u2019ultima settimana si \u00e8 registrato un calo di oltre il 26% di nuovi casi rispetto [&hellip;]<\/p>\n","protected":false},"author":18,"featured_media":83606,"comment_status":"closed","ping_status":"closed","sticky":false,"template":"","format":"standard","meta":{"ub_ctt_via":"","_mi_skip_tracking":false},"categories":[2449],"tags":[783],"featured_image_src":"https:\/\/www.messinaoggi.it\/website\/wp-content\/uploads\/2021\/10\/20211014_2310.jpg","author_info":{"display_name":"Admin","author_link":"https:\/\/www.messinaoggi.it\/website\/author\/admin\/"},"digistream_id":0,"digistream":false,"_links":{"self":[{"href":"https:\/\/www.messinaoggi.it\/website\/wp-json\/wp\/v2\/posts\/83605"}],"collection":[{"href":"https:\/\/www.messinaoggi.it\/website\/wp-json\/wp\/v2\/posts"}],"about":[{"href":"https:\/\/www.messinaoggi.it\/website\/wp-json\/wp\/v2\/types\/post"}],"author":[{"embeddable":true,"href":"https:\/\/www.messinaoggi.it\/website\/wp-json\/wp\/v2\/users\/18"}],"replies":[{"embeddable":true,"href":"https:\/\/www.messinaoggi.it\/website\/wp-json\/wp\/v2\/comments?post=83605"}],"version-history":[{"count":0,"href":"https:\/\/www.messinaoggi.it\/website\/wp-json\/wp\/v2\/posts\/83605\/revisions"}],"wp:featuredmedia":[{"embeddable":true,"href":"https:\/\/www.messinaoggi.it\/website\/wp-json\/wp\/v2\/media\/83606"}],"wp:attachment":[{"href":"https:\/\/www.messinaoggi.it\/website\/wp-json\/wp\/v2\/media?parent=83605"}],"wp:term":[{"taxonomy":"category","embeddable":true,"href":"https:\/\/www.messinaoggi.it\/website\/wp-json\/wp\/v2\/categories?post=83605"},{"taxonomy":"post_tag","embeddable":true,"href":"https:\/\/www.messinaoggi.it\/website\/wp-json\/wp\/v2\/tags?post=83605"}],"curies":[{"name":"wp","href":"https:\/\/api.w.org\/{rel}","templated":true}]}}