{"id":8360,"date":"2017-09-25T09:26:41","date_gmt":"2017-09-25T07:26:41","guid":{"rendered":"http:\/\/www.messinaoggi.it\/website\/?p=8360"},"modified":"2017-09-25T09:26:41","modified_gmt":"2017-09-25T07:26:41","slug":"elezioni-regionali-si-candida-emanuele-giglia","status":"publish","type":"post","link":"https:\/\/www.messinaoggi.it\/website\/2017\/09\/25\/elezioni-regionali-si-candida-emanuele-giglia\/","title":{"rendered":"Elezioni regionali, si candida Emanuele Giglia"},"content":{"rendered":"<p>Emanuele Giglia ha deciso di candidarsi per la prima volta all\u2019<strong>Assemblea Regionale Siciliana<\/strong>, per Messina e Provincia, nella lista del Partito Democratico \u2013 con <strong>Micari<\/strong> presidente. E&#8217; impegnato in politica fin dall&#8217;et\u00e0 di 18 anni con la Sinistra Giovanile, gi\u00e0 presidente del consiglio comunale di Sinagra, negli ultimi 2 anni componente dell\u2019ufficio di gabinetto dell\u2019assessorato regionale all\u2019agricoltura, allo sviluppo rurale e alla pesca mediterranea.<br \/>\n\u201cNell\u2019ultimo periodo \u2013 spiega <strong>Giglia<\/strong> &#8211; mi sono fermato spesso a pensare al grande potenziale di questa nostra isola ed a quello che io, da siciliano, posso contribuire a realizzare. La mia \u00e8 una storia giovane, non ho ancora compiuto 40 anni, ma fin da ragazzo ho iniziato ad appassionarmi alla politica, ricoprendo i ruoli di segretario nella Sinistra Giovanile dei Nebrodi, di componente della Segreteria Nazionale, fino all\u2019elezione nell\u2019assemblea costituente del Partito Democratico.<br \/>\nOggi, con grande determinazione e con il sostegno dei tanti amici che condividono le mie idee, mi candido per la prima volta all\u2019Assemblea Regionale Siciliana, per Messina e Provincia, nella lista del Partito Democratico. Mi candido perch\u00e9 credo sia giunto il momento di dare nuova energia alla nostra politica; il momento di un rinnovo generazionale, di un cambiamento di passo; il momento, soprattutto, di restituire alle nuove generazioni fiducia nel futuro e nella politica. Una politica che ascolta, che guarda lontano, che ha fra le sue priorit\u00e0 i giovani e i temi urgenti dello sviluppo e del mondo del lavoro. Una politica che \u00e8 al fianco di agricoltori, artigiani, piccole imprese: di chi, in citt\u00e0 o nei piccoli comuni, con onest\u00e0 e sacrificio, costruisce ogni giorno il proprio domani.<br \/>\nQuesta \u00e8 la politica che voglio servire, con nuova energia, passione e impegno.\u201d<br \/>\n <div id=\"div-gpt-ad-Messinaoggi.it-DSK-300x250-corpoart\" style=\"text-align:center;margin:0 auto;\"><\/div><\/p>\n<p style=\"text-align: right\">Erika Oppedisano<div id=\"videoincontent\" style=\"clear:both\";><\/div><\/p>\n<p> <br \/>\n <br \/>\n <\/p>\n","protected":false},"excerpt":{"rendered":"<p>Emanuele Giglia ha deciso di candidarsi per la prima volta all\u2019Assemblea Regionale Siciliana, per Messina e Provincia, nella lista del Partito Democratico \u2013 con Micari presidente. E&#8217; impegnato in politica fin dall&#8217;et\u00e0 di 18 anni con la Sinistra Giovanile, gi\u00e0 presidente del consiglio comunale di Sinagra, negli ultimi 2 anni componente dell\u2019ufficio di gabinetto dell\u2019assessorato [&hellip;]<\/p>\n","protected":false},"author":8,"featured_media":8361,"comment_status":"closed","ping_status":"open","sticky":false,"template":"","format":"standard","meta":{"ub_ctt_via":"","_mi_skip_tracking":false},"categories":[4],"tags":[],"featured_image_src":"https:\/\/www.messinaoggi.it\/website\/wp-content\/uploads\/2017\/09\/Emanuele-Giglia-2.jpg","author_info":{"display_name":"red..me","author_link":"https:\/\/www.messinaoggi.it\/website\/author\/redstage\/"},"digistream_id":0,"digistream":false,"_links":{"self":[{"href":"https:\/\/www.messinaoggi.it\/website\/wp-json\/wp\/v2\/posts\/8360"}],"collection":[{"href":"https:\/\/www.messinaoggi.it\/website\/wp-json\/wp\/v2\/posts"}],"about":[{"href":"https:\/\/www.messinaoggi.it\/website\/wp-json\/wp\/v2\/types\/post"}],"author":[{"embeddable":true,"href":"https:\/\/www.messinaoggi.it\/website\/wp-json\/wp\/v2\/users\/8"}],"replies":[{"embeddable":true,"href":"https:\/\/www.messinaoggi.it\/website\/wp-json\/wp\/v2\/comments?post=8360"}],"version-history":[{"count":0,"href":"https:\/\/www.messinaoggi.it\/website\/wp-json\/wp\/v2\/posts\/8360\/revisions"}],"wp:featuredmedia":[{"embeddable":true,"href":"https:\/\/www.messinaoggi.it\/website\/wp-json\/wp\/v2\/media\/8361"}],"wp:attachment":[{"href":"https:\/\/www.messinaoggi.it\/website\/wp-json\/wp\/v2\/media?parent=8360"}],"wp:term":[{"taxonomy":"category","embeddable":true,"href":"https:\/\/www.messinaoggi.it\/website\/wp-json\/wp\/v2\/categories?post=8360"},{"taxonomy":"post_tag","embeddable":true,"href":"https:\/\/www.messinaoggi.it\/website\/wp-json\/wp\/v2\/tags?post=8360"}],"curies":[{"name":"wp","href":"https:\/\/api.w.org\/{rel}","templated":true}]}}