{"id":83581,"date":"2021-10-14T18:07:34","date_gmt":"2021-10-14T16:07:34","guid":{"rendered":"https:\/\/www.messinaoggi.it\/website\/2021\/10\/14\/mattarella-il-libro-e-un-bene-inestimabile-per-lumanita\/"},"modified":"2021-10-14T18:07:34","modified_gmt":"2021-10-14T16:07:34","slug":"mattarella-il-libro-e-un-bene-inestimabile-per-lumanita","status":"publish","type":"post","link":"https:\/\/www.messinaoggi.it\/website\/2021\/10\/14\/mattarella-il-libro-e-un-bene-inestimabile-per-lumanita\/","title":{"rendered":"Mattarella \u201cIl libro \u00e8 un bene inestimabile per l\u2019umanit\u00e0\u201d"},"content":{"rendered":"<div>ROMA (ITALPRESS) &#8211; &#8220;Il Salone del Libro, giunto oggi alla sua trentatreesima edizione, costituisce un appuntamento fondamentale per la vita culturale del nostro Paese e il suo ritorno in presenza, dopo il tormentato periodo della pandemia, \u00e8 per tutti motivo di grande soddisfazione. Durante l&#8217;emergenza Covid, i libri sono stati per molti cittadini un rifugio, un alleato, un&#8217;arma contro la solitudine e lo sconforto. Laddove il virus ci costringeva a distanziarci dagli altri, il libro ci ha permesso di avvicinarci a storie nuove, a personaggi diversi, a mondi inesplorati&#8221;. Lo scrive il presidente della Repubblica, Sergio Mattarella, in un messaggio inviato al presidente dell&#8217;Associazione Culturale Torino la Citt\u00e0 del Libro, Silvio Viale.<br \/>&#8220;Il libro \u00e8 un bene inestimabile per l&#8217;umanit\u00e0. Un prezioso e irrinunciabile veicolo di conoscenza, bellezza, confronto, \u00e7rescita civile &#8211; aggiunge Mattarella -. Il libro non si esaurisce nel rapporto scrittore-lettore. Ma \u00e8 il prodotto finale di una industria culturale, che costituisce una vera filiera e un motore essenziale di crescita per la nostra societ\u00e0 e la nostra economia&#8221;.<br \/>&#8220;Per questo motivo \u00e8 necessario che l&#8217;opera culturale sia rispettata, che i canali editoriali vengano resi accessibili ai nuovi talenti, che le piccole realt\u00e0 editoriali vengano sostenute, che il ruolo prezioso di presidio culturale delle librerie di quartiere venga difeso e rafforzato, accanto a una capillare diffusione delle vendita on line, capace di raggiungere lettori anche nelle zone prive di librerie &#8211; prosegue -. Questa edizione del Salone del Libro di Torino \u00e8 significativamente intitolata a Dante, il pi\u00f9 grande tra i poeti italiani e intellettuale impegnato a fondo nel rinnovamento dei costumi e della politica della sua epoca. Questa dedica \u00e8 impegnativa e il mio augurio \u00e8 che il mondo del libro e dell&#8217;editoria acquisti sempre maggiore slancio e ritrovata centralit\u00e0 all&#8217;interno della nostra societ\u00e0 rendendo gli italiani pi\u00f9 colti, pi\u00f9 liberi, pi\u00f9 consapevoli&#8221;.<br \/>(ITALPRESS).<\/div>\n<div id=\"div-gpt-ad-Messinaoggi.it-DSK-300x250-corpoart\" style=\"text-align:center;margin:0 auto;\"><\/div><\/p><div id=\"videoincontent\" style=\"clear:both\";><\/div>","protected":false},"excerpt":{"rendered":"<p>ROMA (ITALPRESS) &#8211; &#8220;Il Salone del Libro, giunto oggi alla sua trentatreesima edizione, costituisce un appuntamento fondamentale per la vita culturale del nostro Paese e il suo ritorno in presenza, dopo il tormentato periodo della pandemia, \u00e8 per tutti motivo di grande soddisfazione. Durante l&#8217;emergenza Covid, i libri sono stati per molti cittadini un rifugio, [&hellip;]<\/p>\n","protected":false},"author":18,"featured_media":83582,"comment_status":"closed","ping_status":"closed","sticky":false,"template":"","format":"standard","meta":{"ub_ctt_via":"","_mi_skip_tracking":false},"categories":[446],"tags":[783],"featured_image_src":"https:\/\/www.messinaoggi.it\/website\/wp-content\/uploads\/2021\/10\/20211014_2217.jpg","author_info":{"display_name":"Admin","author_link":"https:\/\/www.messinaoggi.it\/website\/author\/admin\/"},"digistream_id":0,"digistream":false,"_links":{"self":[{"href":"https:\/\/www.messinaoggi.it\/website\/wp-json\/wp\/v2\/posts\/83581"}],"collection":[{"href":"https:\/\/www.messinaoggi.it\/website\/wp-json\/wp\/v2\/posts"}],"about":[{"href":"https:\/\/www.messinaoggi.it\/website\/wp-json\/wp\/v2\/types\/post"}],"author":[{"embeddable":true,"href":"https:\/\/www.messinaoggi.it\/website\/wp-json\/wp\/v2\/users\/18"}],"replies":[{"embeddable":true,"href":"https:\/\/www.messinaoggi.it\/website\/wp-json\/wp\/v2\/comments?post=83581"}],"version-history":[{"count":0,"href":"https:\/\/www.messinaoggi.it\/website\/wp-json\/wp\/v2\/posts\/83581\/revisions"}],"wp:featuredmedia":[{"embeddable":true,"href":"https:\/\/www.messinaoggi.it\/website\/wp-json\/wp\/v2\/media\/83582"}],"wp:attachment":[{"href":"https:\/\/www.messinaoggi.it\/website\/wp-json\/wp\/v2\/media?parent=83581"}],"wp:term":[{"taxonomy":"category","embeddable":true,"href":"https:\/\/www.messinaoggi.it\/website\/wp-json\/wp\/v2\/categories?post=83581"},{"taxonomy":"post_tag","embeddable":true,"href":"https:\/\/www.messinaoggi.it\/website\/wp-json\/wp\/v2\/tags?post=83581"}],"curies":[{"name":"wp","href":"https:\/\/api.w.org\/{rel}","templated":true}]}}