{"id":83544,"date":"2021-10-14T14:16:51","date_gmt":"2021-10-14T12:16:51","guid":{"rendered":"http:\/\/www.messinaoggi.it\/website\/?p=83544"},"modified":"2021-10-14T14:17:43","modified_gmt":"2021-10-14T12:17:43","slug":"trasporti-sullo-stretto-sindacati-vigili-su-obbligo-green-pass","status":"publish","type":"post","link":"https:\/\/www.messinaoggi.it\/website\/2021\/10\/14\/trasporti-sullo-stretto-sindacati-vigili-su-obbligo-green-pass\/","title":{"rendered":"Trasporti sullo Stretto, sindacati vigili su obbligo Green pass"},"content":{"rendered":"\n<p>In riferimento alla protesta che coinvolge in atto tutto il comparto porti nazionale, inerente all&#8217;adozione obbligatoria del Green pass nei luoghi di lavoro da domani, il segretario della Uiltrasporti Messina settore porti e logistica Nino Di Mento interviene sulla situazione locale. Almeno ad oggi non si prevedono particolari criticit\u00e0 &#8211; dichiara Di Mento &#8211; in quanto i lavoratori, per circa l&#8217;80% da un\u2019analisi generale, risulta gi\u00e0 vaccinato con l&#8217;inoculazione almeno della prima dose. Di Mento, tuttavia, contesta fermamente la recente circolare emanata dal ministero degli interni, che si limita soltanto a valutare la possibilit\u00e0 che le societ\u00e0 terminaliste si facciano carico dei tamponi da effettuare ai dipendenti, senza per\u00f2 formalizzarne alcun obbligo e generando cos\u00ec ancora pi\u00f9 confusione ed incertezze tra aziende, istituzioni e lavoratori e creando tra l&#8217;altro evidenti discriminazioni con tutti gli altri comparti produttivi. Gi\u00e0 le Segreterie Nazionali di CIGL CISL e UIL, continua Di Mento, in un incontro tecnico con il Ministero del Lavoro e delle Politiche Sociali ed il Ministero della Salute, in una informativa inviata alle strutture territoriali hanno ribadito la richiesta al Governo di mettere comunque a disposizione di tutti i lavoratori tamponi gratuiti per tramite delle Aziende attraverso la detraibilit\u00e0 dei costi, o tramite Farmacie e Hub, drive-in appositi, per permettere a tutti i lavoratori sprovvisti di Green pass di poter accedere gratuitamente a tamponi.<br>\u201cMi sento di escludere che ci sia da domani la possibilit\u00e0 di disagi nei porti dello Stretto &#8211; conclude Di Mento &#8211; legati a rischi di manifestazioni di protesta contro il green pass, che tuttavia sta generando forti criticit\u00e0 in tutti i settori produttivi , ma non escludiamo invece che i portuali dello stretto incrocino presto le braccia per l\u2019immobilismo che riscontriamo nelle dinamiche di stabilizzazione e miglioramento contrattuale dei portuali e dell&#8217;inserimento delle clausole sociali nei bandi di gara emanati dall&#8217;Autorit\u00e0 di Sistema Portuale dello Stretto, dalla quale ancora sull&#8217;argomento attendiamo un dovuto confronto .<div id=\"div-gpt-ad-Messinaoggi.it-DSK-300x250-corpoart\" style=\"text-align:center;margin:0 auto;\"><\/div><\/p>\n<div id=\"videoincontent\" style=\"clear:both\";><\/div>","protected":false},"excerpt":{"rendered":"<p>In riferimento alla protesta che coinvolge in atto tutto il comparto porti nazionale, inerente all&#8217;adozione obbligatoria del Green pass nei luoghi di lavoro da domani, il segretario della Uiltrasporti Messina settore porti e logistica Nino Di Mento interviene sulla situazione locale. Almeno ad oggi non si prevedono particolari criticit\u00e0 &#8211; dichiara Di Mento &#8211; in [&hellip;]<\/p>\n","protected":false},"author":4,"featured_media":50139,"comment_status":"open","ping_status":"open","sticky":false,"template":"","format":"standard","meta":{"ub_ctt_via":"","_mi_skip_tracking":false},"categories":[6],"tags":[3250,90],"featured_image_src":"https:\/\/www.messinaoggi.it\/website\/wp-content\/uploads\/2020\/12\/porto-tremestieri-11.jpg","author_info":{"display_name":"redme","author_link":"https:\/\/www.messinaoggi.it\/website\/author\/redme\/"},"digistream_id":0,"digistream":false,"_links":{"self":[{"href":"https:\/\/www.messinaoggi.it\/website\/wp-json\/wp\/v2\/posts\/83544"}],"collection":[{"href":"https:\/\/www.messinaoggi.it\/website\/wp-json\/wp\/v2\/posts"}],"about":[{"href":"https:\/\/www.messinaoggi.it\/website\/wp-json\/wp\/v2\/types\/post"}],"author":[{"embeddable":true,"href":"https:\/\/www.messinaoggi.it\/website\/wp-json\/wp\/v2\/users\/4"}],"replies":[{"embeddable":true,"href":"https:\/\/www.messinaoggi.it\/website\/wp-json\/wp\/v2\/comments?post=83544"}],"version-history":[{"count":1,"href":"https:\/\/www.messinaoggi.it\/website\/wp-json\/wp\/v2\/posts\/83544\/revisions"}],"predecessor-version":[{"id":83545,"href":"https:\/\/www.messinaoggi.it\/website\/wp-json\/wp\/v2\/posts\/83544\/revisions\/83545"}],"wp:featuredmedia":[{"embeddable":true,"href":"https:\/\/www.messinaoggi.it\/website\/wp-json\/wp\/v2\/media\/50139"}],"wp:attachment":[{"href":"https:\/\/www.messinaoggi.it\/website\/wp-json\/wp\/v2\/media?parent=83544"}],"wp:term":[{"taxonomy":"category","embeddable":true,"href":"https:\/\/www.messinaoggi.it\/website\/wp-json\/wp\/v2\/categories?post=83544"},{"taxonomy":"post_tag","embeddable":true,"href":"https:\/\/www.messinaoggi.it\/website\/wp-json\/wp\/v2\/tags?post=83544"}],"curies":[{"name":"wp","href":"https:\/\/api.w.org\/{rel}","templated":true}]}}