{"id":83534,"date":"2021-10-14T12:07:35","date_gmt":"2021-10-14T10:07:35","guid":{"rendered":"https:\/\/www.messinaoggi.it\/website\/2021\/10\/14\/micciche-sicilia-senza-classe-dirigente-alla-prova-del-pnrr\/"},"modified":"2021-10-14T12:07:35","modified_gmt":"2021-10-14T10:07:35","slug":"micciche-sicilia-senza-classe-dirigente-alla-prova-del-pnrr","status":"publish","type":"post","link":"https:\/\/www.messinaoggi.it\/website\/2021\/10\/14\/micciche-sicilia-senza-classe-dirigente-alla-prova-del-pnrr\/","title":{"rendered":"Miccich\u00e8 \u201cSicilia senza classe dirigente alla prova del Pnrr\u201d"},"content":{"rendered":"<div>PALERMO (ITALPRESS) &#8211; &#8220;Forza Italia al Sud ha dimostrato di avere una forza particolare. Dopo il risultato calabrese, anche in Sicilia le amministrative sono andate bene. Abbiamo fatto un test elettorale, su 40 Comuni abbiamo preso 11 sindaci, abbiamo una classe dirigente che territorialmente occupa tutta la Sicilia&#8221;. Cos\u00ec Gianfranco Miccich\u00e8, presidente dell&#8217;Assemblea Regionale Siciliana, intervistato da Claudio Brachino per la rubrica Primo Piano dell&#8217;agenzia Italpress.<br \/>&#8220;Dove il consenso moderato \u00e8 pi\u00f9 ampio, Forza Italia ha un risultato migliore. La politica \u00e8 saper stare in mezzo alla gente, intuire l&#8217;esigenza e far in modo di soddisfarla &#8211; spiega Miccich\u00e8 -. Oggi conta di pi\u00f9 essere moderati in politica perch\u00e8 \u00e8 un momento di pericolo e la gente vuole sicurezza. Se devo dare una responsabilit\u00e0 al centrodestra italiano \u00e8 la posizione sui vaccini, non si pu\u00f2 votare per qualcuno che dice prima si e poi no al vaccino, prima si e poi no al Green Pass, cos\u00ec l&#8217;elettore scappa. Il Green Pass e il vaccino sono una garanzia per chi lo fa ma non per gli altri. Chi \u00e8 vaccinato, pu\u00f2 infettarsi di nuovo e senza saperlo contagiare altre persone. Credo che l&#8217;unica vera soluzione sia il tampone quotidiano che deve essere rapido, salivare, attendibile e gratuito. Mi appello ai leader del centrodestra perch\u00e8 oggi c&#8217;\u00e8 bisogno di tranquillizzare la gente e le famiglie. I vaccini si devono fare, le manifestazioni no vax sono inutili&#8221;.<br \/>Rispetto alla corsa al Colle, il leader siciliano di Forza Italia sottolinea che &#8220;Mattarella \u00e8 un Presidente della Repubblica importante, di grande equilibrio. Inutile dire quanto Berlusconi sia importante nella mia vita ma non credo che ci siano possibilit\u00e0 per lui. Il Paese ha bisogno di Draghi e Mattarella, almeno finch\u00e8 c&#8217;\u00e8 il pericolo covid. Rispetto ai progetti del Recovery Fund per la Sicilia non sono soddisfatto perch\u00e8 non abbiamo pi\u00f9 classe dirigente, l&#8217;et\u00e0 media \u00e8 di 60 anni, l&#8217;ultima assunzione alla Regione \u00e8 del 1994, sono tutti analogici. Non possiamo affrontare il Pnrr cos\u00ec. Mi terrorizza pensare che non ci siano progetti per la Regione ma non mi stupirei&#8221;.<br \/>In merito alle prossime regionali in Sicilia, &#8220;non c&#8217;\u00e8 dubbio che il candidato naturale sia Musumeci &#8211; afferma Miccich\u00e8 &#8211; anche se sta facendo di tutto per evitarlo, ha un atteggiamento nei confronti dei partiti alleati come se fossero un fastidio e questo deve cambiare&#8221;. Per le comunali di Palermo nel 2022 &#8220;Forza Italia ha candidati ottimi. L&#8217;Udc ci ha proposto il professore Lagalla, attuale assessore Regionale ed ex rettore dell&#8217;Universit\u00e0 di Palermo, riconosciuto tra i migliori e al Comune vince il migliore&#8221;.<br \/>(ITALPRESS).<\/div>\n<div id=\"div-gpt-ad-Messinaoggi.it-DSK-300x250-corpoart\" style=\"text-align:center;margin:0 auto;\"><\/div><\/p><div id=\"videoincontent\" style=\"clear:both\";><\/div>","protected":false},"excerpt":{"rendered":"<p>PALERMO (ITALPRESS) &#8211; &#8220;Forza Italia al Sud ha dimostrato di avere una forza particolare. Dopo il risultato calabrese, anche in Sicilia le amministrative sono andate bene. Abbiamo fatto un test elettorale, su 40 Comuni abbiamo preso 11 sindaci, abbiamo una classe dirigente che territorialmente occupa tutta la Sicilia&#8221;. Cos\u00ec Gianfranco Miccich\u00e8, presidente dell&#8217;Assemblea Regionale Siciliana, [&hellip;]<\/p>\n","protected":false},"author":18,"featured_media":83535,"comment_status":"closed","ping_status":"closed","sticky":false,"template":"","format":"standard","meta":{"ub_ctt_via":"","_mi_skip_tracking":false},"categories":[446],"tags":[783],"featured_image_src":"https:\/\/www.messinaoggi.it\/website\/wp-content\/uploads\/2021\/10\/20211014_0431.jpg","author_info":{"display_name":"Admin","author_link":"https:\/\/www.messinaoggi.it\/website\/author\/admin\/"},"digistream_id":0,"digistream":false,"_links":{"self":[{"href":"https:\/\/www.messinaoggi.it\/website\/wp-json\/wp\/v2\/posts\/83534"}],"collection":[{"href":"https:\/\/www.messinaoggi.it\/website\/wp-json\/wp\/v2\/posts"}],"about":[{"href":"https:\/\/www.messinaoggi.it\/website\/wp-json\/wp\/v2\/types\/post"}],"author":[{"embeddable":true,"href":"https:\/\/www.messinaoggi.it\/website\/wp-json\/wp\/v2\/users\/18"}],"replies":[{"embeddable":true,"href":"https:\/\/www.messinaoggi.it\/website\/wp-json\/wp\/v2\/comments?post=83534"}],"version-history":[{"count":0,"href":"https:\/\/www.messinaoggi.it\/website\/wp-json\/wp\/v2\/posts\/83534\/revisions"}],"wp:featuredmedia":[{"embeddable":true,"href":"https:\/\/www.messinaoggi.it\/website\/wp-json\/wp\/v2\/media\/83535"}],"wp:attachment":[{"href":"https:\/\/www.messinaoggi.it\/website\/wp-json\/wp\/v2\/media?parent=83534"}],"wp:term":[{"taxonomy":"category","embeddable":true,"href":"https:\/\/www.messinaoggi.it\/website\/wp-json\/wp\/v2\/categories?post=83534"},{"taxonomy":"post_tag","embeddable":true,"href":"https:\/\/www.messinaoggi.it\/website\/wp-json\/wp\/v2\/tags?post=83534"}],"curies":[{"name":"wp","href":"https:\/\/api.w.org\/{rel}","templated":true}]}}