{"id":83520,"date":"2021-10-14T10:07:31","date_gmt":"2021-10-14T08:07:31","guid":{"rendered":"https:\/\/www.messinaoggi.it\/website\/2021\/10\/14\/green-pass-letta-non-vaccinarsi-non-e-motivo-per-bloccare-il-paese\/"},"modified":"2021-10-14T10:07:31","modified_gmt":"2021-10-14T08:07:31","slug":"green-pass-letta-non-vaccinarsi-non-e-motivo-per-bloccare-il-paese","status":"publish","type":"post","link":"https:\/\/www.messinaoggi.it\/website\/2021\/10\/14\/green-pass-letta-non-vaccinarsi-non-e-motivo-per-bloccare-il-paese\/","title":{"rendered":"Green pass, Letta \u201cNon vaccinarsi non \u00e8 motivo per bloccare il Paese\u201d"},"content":{"rendered":"<div>ROMA (ITALPRESS) &#8211; Sulla vaccinazione &#8220;ritengo che sia necessario continuare su questa azione di convincimento e buonsenso, se si cede rispetto alla regola alla quale tutti ci siamo adeguati e che \u00e8 stata la regola che ci sta portando fuori dall&#8217;emergenza, poi diventa tutto pi\u00f9 complicato. Spero non si paralizzi il Paese, sarebbe una gravissima irresponsabilit\u00e0 di qualche piccola minoranza, una irresponsabilit\u00e0 non legata a motivi reali perch\u00e8 non vaccinarsi non \u00e8 un motivo reale per bloccare il Paese&#8221;.<br \/>\nLo ha detto il segretario del Pd, Enrico Letta, a Radio Anch&#8217;io su Rai Radio1. &#8220;La vaccinazione l&#8217;abbiamo fatta tutti e questa motivazione non ha senso&#8221;, ha aggiunto. Quanto ai fatti di Roma di Roma di sabato scorso, secondo Letta &#8220;\u00e8 evidente che ci sono stati dei problemi e delle falle sulla gestione dell&#8217;ordine pubblico, ma gli attacchi della Meloni sono strumentali. E&#8217; un modo per coprire quando accaduto e coprire l&#8217;assunzione di responsabilit\u00e0 e adesso cerca di scaricare su Lamorgese. Mi sembrano tutti giochi sulla pelle del Paese e noi non ci stiamo. Noi siamo quelli che in questo momento sono al governo e cercano di andare avanti in un momento difficile&#8221;.<br \/>\n(ITALPRESS).<\/div>\n<div id=\"div-gpt-ad-Messinaoggi.it-DSK-300x250-corpoart\" style=\"text-align:center;margin:0 auto;\"><\/div><\/p><div id=\"videoincontent\" style=\"clear:both\";><\/div>","protected":false},"excerpt":{"rendered":"<p>ROMA (ITALPRESS) &#8211; Sulla vaccinazione &#8220;ritengo che sia necessario continuare su questa azione di convincimento e buonsenso, se si cede rispetto alla regola alla quale tutti ci siamo adeguati e che \u00e8 stata la regola che ci sta portando fuori dall&#8217;emergenza, poi diventa tutto pi\u00f9 complicato. Spero non si paralizzi il Paese, sarebbe una gravissima [&hellip;]<\/p>\n","protected":false},"author":18,"featured_media":83521,"comment_status":"closed","ping_status":"closed","sticky":false,"template":"","format":"standard","meta":{"ub_ctt_via":"","_mi_skip_tracking":false},"categories":[446],"tags":[783],"featured_image_src":"https:\/\/www.messinaoggi.it\/website\/wp-content\/uploads\/2021\/10\/20211014_0158.jpg","author_info":{"display_name":"Admin","author_link":"https:\/\/www.messinaoggi.it\/website\/author\/admin\/"},"digistream_id":0,"digistream":false,"_links":{"self":[{"href":"https:\/\/www.messinaoggi.it\/website\/wp-json\/wp\/v2\/posts\/83520"}],"collection":[{"href":"https:\/\/www.messinaoggi.it\/website\/wp-json\/wp\/v2\/posts"}],"about":[{"href":"https:\/\/www.messinaoggi.it\/website\/wp-json\/wp\/v2\/types\/post"}],"author":[{"embeddable":true,"href":"https:\/\/www.messinaoggi.it\/website\/wp-json\/wp\/v2\/users\/18"}],"replies":[{"embeddable":true,"href":"https:\/\/www.messinaoggi.it\/website\/wp-json\/wp\/v2\/comments?post=83520"}],"version-history":[{"count":0,"href":"https:\/\/www.messinaoggi.it\/website\/wp-json\/wp\/v2\/posts\/83520\/revisions"}],"wp:featuredmedia":[{"embeddable":true,"href":"https:\/\/www.messinaoggi.it\/website\/wp-json\/wp\/v2\/media\/83521"}],"wp:attachment":[{"href":"https:\/\/www.messinaoggi.it\/website\/wp-json\/wp\/v2\/media?parent=83520"}],"wp:term":[{"taxonomy":"category","embeddable":true,"href":"https:\/\/www.messinaoggi.it\/website\/wp-json\/wp\/v2\/categories?post=83520"},{"taxonomy":"post_tag","embeddable":true,"href":"https:\/\/www.messinaoggi.it\/website\/wp-json\/wp\/v2\/tags?post=83520"}],"curies":[{"name":"wp","href":"https:\/\/api.w.org\/{rel}","templated":true}]}}