{"id":83506,"date":"2021-10-14T08:21:48","date_gmt":"2021-10-14T06:21:48","guid":{"rendered":"http:\/\/www.messinaoggi.it\/website\/?p=83506"},"modified":"2021-10-14T08:21:51","modified_gmt":"2021-10-14T06:21:51","slug":"messina-e-malata-e-il-sindaco-canta","status":"publish","type":"post","link":"https:\/\/www.messinaoggi.it\/website\/2021\/10\/14\/messina-e-malata-e-il-sindaco-canta\/","title":{"rendered":"Messina \u00e8 malata e il sindaco&#8230; canta"},"content":{"rendered":"\n<p>La temperatura sta salendo vertiginosamente: Messina sta male. Il video proposto dal nostro giornale che ritrae alcuni teppisti intenti a divellere il defibrillatore di piazza Cairoli, com\u2019era prevedibile ha innescato un vespaio di polemiche in tutti gli ambienti messinesi. <div id=\"div-gpt-ad-Messinaoggi.it-DSK-300x250-corpoart\" style=\"text-align:center;margin:0 auto;\"><\/div><\/p>\n\n\n\n<p>Il degrado sociale immortalato nelle immagini filmate da alcuni cittadini ormai \u00e8 evidente. Il video \u00e8 diventato virale, migliaia di messinesi si dicono indignati per un gesto che \u00e8 lo specchio fedele di un governo cittadino irresponsabile. L\u2019allarme lanciato soprattutto dai commercianti di piazza Cairoli \u00e8 rimasto inascoltato, addirittura qualche componente dell\u2019attuale amministrazione, rispetto al problema delle bande che frequentano il centro cittadino allontanando la gente per bene, fra il serio e il faceto ha detto testualmente \u201cSono giovani, si deve divertire\u201d\u2026<div id=\"videoincontent\" style=\"clear:both\";><\/div><\/p>\n\n\n\n<p>Se si \u00e8 arrivati a prendere a pugni col chiaro intendo di distruggerlo il defibrillatore di piazza Cairoli, devono esserci precise responsabilit\u00e0. E ricadono giocoforza su chi detiene il governo politico della citt\u00e0. Il sindaco, Cateno De Luca, impegnato in una perenne campagna elettorale, invece di pensare al suo tour canoro, dovrebbe interessarsi ai problemi della citt\u00e0. Non bastano i progetti finanziati dall\u2019Europa per appuntarsi medagliette al petto per dimostrare che si \u00e8 bravi amministratori. <\/p>\n\n\n\n<p>C\u2019\u00e8 un tema che riguarda il sociale, colpevolmente abbandonato da questa amministrazione. Messina \u00e8 malata e nessuno si lamenti se le persone per bene, soprattutto i giovani, stanno letteralmente scappando da una citt\u00e0 diventata invivibile. Il sindaco si bea dei suoi successi, lo fa attraverso l\u2019uso sconsiderato dei Social, diventato uno strumento di distrazione di massa. Cateno De Luca, piaccia o no, viene chiamato in causa dalla societ\u00e0 civile per vie della violenza verbale utilizzata nei comizi social. Una violenza fatta di insulti a chi fa opposizione e chi fa informazione. Tutto questo contribuisce a fare peggiorare uno stato di salute sociale ormai compromesso. Questo \u00e8 il pi\u00f9 grosso fallimento dell\u2019esperienza-De Luca. Ma Messina merita tutto questo?<\/p>\n\n\n\n<p><strong>Davide Gambale<\/strong><\/p>\n","protected":false},"excerpt":{"rendered":"<p>La temperatura sta salendo vertiginosamente: Messina sta male. Il video proposto dal nostro giornale che ritrae alcuni teppisti intenti a divellere il defibrillatore di piazza Cairoli, com\u2019era prevedibile ha innescato un vespaio di polemiche in tutti gli ambienti messinesi. Il degrado sociale immortalato nelle immagini filmate da alcuni cittadini ormai \u00e8 evidente. Il video \u00e8 [&hellip;]<\/p>\n","protected":false},"author":2,"featured_media":23053,"comment_status":"open","ping_status":"open","sticky":false,"template":"","format":"standard","meta":{"ub_ctt_via":"","_mi_skip_tracking":false},"categories":[19],"tags":[126,3242,3243,3241],"featured_image_src":"https:\/\/www.messinaoggi.it\/website\/wp-content\/uploads\/2018\/08\/CatenoDeLuca-1.jpg","author_info":{"display_name":"Redazione","author_link":"https:\/\/www.messinaoggi.it\/website\/author\/redazione\/"},"digistream_id":0,"digistream":false,"_links":{"self":[{"href":"https:\/\/www.messinaoggi.it\/website\/wp-json\/wp\/v2\/posts\/83506"}],"collection":[{"href":"https:\/\/www.messinaoggi.it\/website\/wp-json\/wp\/v2\/posts"}],"about":[{"href":"https:\/\/www.messinaoggi.it\/website\/wp-json\/wp\/v2\/types\/post"}],"author":[{"embeddable":true,"href":"https:\/\/www.messinaoggi.it\/website\/wp-json\/wp\/v2\/users\/2"}],"replies":[{"embeddable":true,"href":"https:\/\/www.messinaoggi.it\/website\/wp-json\/wp\/v2\/comments?post=83506"}],"version-history":[{"count":1,"href":"https:\/\/www.messinaoggi.it\/website\/wp-json\/wp\/v2\/posts\/83506\/revisions"}],"predecessor-version":[{"id":83507,"href":"https:\/\/www.messinaoggi.it\/website\/wp-json\/wp\/v2\/posts\/83506\/revisions\/83507"}],"wp:featuredmedia":[{"embeddable":true,"href":"https:\/\/www.messinaoggi.it\/website\/wp-json\/wp\/v2\/media\/23053"}],"wp:attachment":[{"href":"https:\/\/www.messinaoggi.it\/website\/wp-json\/wp\/v2\/media?parent=83506"}],"wp:term":[{"taxonomy":"category","embeddable":true,"href":"https:\/\/www.messinaoggi.it\/website\/wp-json\/wp\/v2\/categories?post=83506"},{"taxonomy":"post_tag","embeddable":true,"href":"https:\/\/www.messinaoggi.it\/website\/wp-json\/wp\/v2\/tags?post=83506"}],"curies":[{"name":"wp","href":"https:\/\/api.w.org\/{rel}","templated":true}]}}