{"id":83470,"date":"2021-10-14T03:07:31","date_gmt":"2021-10-14T01:07:31","guid":{"rendered":"https:\/\/www.messinaoggi.it\/website\/2021\/10\/13\/viminale-per-manifestazioni-green-pass-e-g20-rafforzamento-vigilanza\/"},"modified":"2021-10-14T08:29:02","modified_gmt":"2021-10-14T06:29:02","slug":"viminale-per-manifestazioni-green-pass-e-g20-rafforzamento-vigilanza","status":"publish","type":"post","link":"https:\/\/www.messinaoggi.it\/website\/2021\/10\/14\/viminale-per-manifestazioni-green-pass-e-g20-rafforzamento-vigilanza\/","title":{"rendered":"Viminale, per manifestazioni green pass e G20 rafforzamento vigilanza"},"content":{"rendered":"<div>ROMA (ITALPRESS) &#8211; Il ministro dell&#8217;Interno, Luciana Lamorgese, ha presieduto al Viminale il Comitato Nazionale per l&#8217;Ordine e la Sicurezza Pubblica, a cui hanno partecipato, oltre al sottosegretario Nicola Molteni, i vertici delle forze di polizia e degli organismi di informazione e sicurezza, il prefetto e il questore di Roma. Nel corso della riunione \u00e8 stato esaminato l&#8217;andamento delle manifestazioni di protesta di sabato scorso e le connesse criticit\u00e0 sul piano dell&#8217;ordine pubblico, con un&#8217;ampia analisi delle relative cause. Il ministro dell&#8217;Interno ha sottolineato la necessit\u00e0 che nel prossimo e impegnativo periodo &#8211; connotato dalla prosecuzione delle manifestazioni di protesta collegate alle misure governative di contenimento della diffusione del Covid-19 e dallo svolgimento del G20 a Roma &#8211; le forze di polizia intensifichino le attivit\u00e0 di prevenzione delle possibili cause di turbativa. Questo con il rafforzamento dei dispositivi di osservazione e di vigilanza del territorio e degli obiettivi sensibili nonch\u00e8 dei servizi di monitoraggio dei siti web e dei social network, anche per garantire a tutti la libert\u00e0 di manifestare pacificamente e nel rispetto delle regole. Per assicurare lo svolgimento in sicurezza del G20, \u00e8 stata anche condivisa l&#8217;esigenza di implementare di 500 unit\u00e0 aggiuntive delle Forze armate il contingente dell&#8217;operazione &#8220;Strade Sicure&#8221;. Inoltre, per quell&#8217;occasione, sar\u00e0 incrementata la sorveglianza e la difesa dello spazio aereo della Capitale attraverso il concorso di assetti specialistici, ivi incluso il sistema anti-drone, delle Forze armate.<br \/>(ITALPRESS).<\/div>\n<div id=\"div-gpt-ad-Messinaoggi.it-DSK-300x250-corpoart\" style=\"text-align:center;margin:0 auto;\"><\/div><\/p><div id=\"videoincontent\" style=\"clear:both\";><\/div>","protected":false},"excerpt":{"rendered":"<p>ROMA (ITALPRESS) &#8211; Il ministro dell&#8217;Interno, Luciana Lamorgese, ha presieduto al Viminale il Comitato Nazionale per l&#8217;Ordine e la Sicurezza Pubblica, a cui hanno partecipato, oltre al sottosegretario Nicola Molteni, i vertici delle forze di polizia e degli organismi di informazione e sicurezza, il prefetto e il questore di Roma. Nel corso della riunione \u00e8 [&hellip;]<\/p>\n","protected":false},"author":18,"featured_media":83471,"comment_status":"closed","ping_status":"closed","sticky":false,"template":"","format":"standard","meta":{"ub_ctt_via":"","_mi_skip_tracking":false},"categories":[221,446],"tags":[783],"featured_image_src":"https:\/\/www.messinaoggi.it\/website\/wp-content\/uploads\/2021\/10\/20211013_2634.jpg","author_info":{"display_name":"Admin","author_link":"https:\/\/www.messinaoggi.it\/website\/author\/admin\/"},"digistream_id":0,"digistream":false,"_links":{"self":[{"href":"https:\/\/www.messinaoggi.it\/website\/wp-json\/wp\/v2\/posts\/83470"}],"collection":[{"href":"https:\/\/www.messinaoggi.it\/website\/wp-json\/wp\/v2\/posts"}],"about":[{"href":"https:\/\/www.messinaoggi.it\/website\/wp-json\/wp\/v2\/types\/post"}],"author":[{"embeddable":true,"href":"https:\/\/www.messinaoggi.it\/website\/wp-json\/wp\/v2\/users\/18"}],"replies":[{"embeddable":true,"href":"https:\/\/www.messinaoggi.it\/website\/wp-json\/wp\/v2\/comments?post=83470"}],"version-history":[{"count":1,"href":"https:\/\/www.messinaoggi.it\/website\/wp-json\/wp\/v2\/posts\/83470\/revisions"}],"predecessor-version":[{"id":83510,"href":"https:\/\/www.messinaoggi.it\/website\/wp-json\/wp\/v2\/posts\/83470\/revisions\/83510"}],"wp:featuredmedia":[{"embeddable":true,"href":"https:\/\/www.messinaoggi.it\/website\/wp-json\/wp\/v2\/media\/83471"}],"wp:attachment":[{"href":"https:\/\/www.messinaoggi.it\/website\/wp-json\/wp\/v2\/media?parent=83470"}],"wp:term":[{"taxonomy":"category","embeddable":true,"href":"https:\/\/www.messinaoggi.it\/website\/wp-json\/wp\/v2\/categories?post=83470"},{"taxonomy":"post_tag","embeddable":true,"href":"https:\/\/www.messinaoggi.it\/website\/wp-json\/wp\/v2\/tags?post=83470"}],"curies":[{"name":"wp","href":"https:\/\/api.w.org\/{rel}","templated":true}]}}