{"id":83419,"date":"2021-10-13T14:17:34","date_gmt":"2021-10-13T12:17:34","guid":{"rendered":"https:\/\/www.messinaoggi.it\/website\/2021\/10\/13\/pnrr-musumeci-il-governo-non-ha-coinvolto-le-regioni\/"},"modified":"2021-10-13T14:17:34","modified_gmt":"2021-10-13T12:17:34","slug":"pnrr-musumeci-il-governo-non-ha-coinvolto-le-regioni","status":"publish","type":"post","link":"https:\/\/www.messinaoggi.it\/website\/2021\/10\/13\/pnrr-musumeci-il-governo-non-ha-coinvolto-le-regioni\/","title":{"rendered":"Pnrr, Musumeci \u201cIl Governo non ha coinvolto le Regioni\u201d"},"content":{"rendered":"<div>\n<p>PALERMO (ITALPRESS) \u2013 Soddisfatto del lavoro svolto in questi anni a Palazzo d\u2019Orleans, il presidente della Regione Siciliana Nello Musumeci traccia un bilancio di governo e guarda al futuro. In occasione di un\u2019intervista a Claudio Brachino per la rubrica \u201cPrimo Piano\u201d dell\u2019Agenzia Italpress, Musumeci parte dalla campagna vaccinale: \u201cIl generale Figliuolo si \u00e8 complimentato: siamo tra le prime Regioni d\u2019Italia con la Lombardia e il Lazio\u201d.<br \/>Dopo due settimane in zona gialla la Regione ha conquistato la libert\u00e0 segnata dal colore bianco: \u201cPer combattere l\u2019ostilit\u00e0 nei confronti del vaccino abbiamo messo in campo una serie di iniziative, \u00e8 andata bene, abbiamo superato questo clima di ostilit\u00e0, oggi siamo al 79,8% di somministrazioni di vaccino, compresa la prima dose, oggi siamo a un dato soddisfacente, siamo passati in zona bianca. Restarci dipende dalla responsabilit\u00e0 individuale e collettiva dei siciliani\u201d.<br \/>Con l\u2019avvicinarsi del 15 ottobre, giorno in cui scatta l\u2019obbligo del green pass sui luoghi di lavoro, Musumeci ricorda: \u201cNella prima fase abbiamo operato lungo il solco del tampone gratuito, oggi siamo in una fase avanzata, io domani incontrer\u00f2 le organizzazioni sindacali per confrontarmi sul tema del tampone gratuito o meno, credo che i sindacati si siano gi\u00e0 espressi per il vaccino, in maniera chiara, ma serve trovare una soluzione di equilibrio, da una parte convincendo chi ha ancora dubbi a vaccinarsi dall\u2019altra si dovrebbe non rendere il tampone un peso per le gi\u00e0 magre casse dei lavoratori\u201d.<br \/>Il presidente della Regione Siciliana \u00e8 convinto che \u201clo Stato possa farsi carico di questo onere, comunque questo tema desideriamo affrontarlo con le imprese sindacali \u2013 aggiunge -, poi dopo domani decideremo il da farsi\u201d.<br \/>A proposito dei no vax e degli scontri di sabato scorso a Roma, riconosce che \u201cil dissenso va sempre manifestato in una societ\u00e0 democratica, ma se questo diventa pretesto per fare violenza quella violenza va condannata. Qualcuno del centrosinistra credo voglia utilizzare questi fatti di cronaca deplorevoli per far rivivere atteggiamenti da regime, questo non pu\u00f2 essere accettato, quando la destra cresce in Italia si ricorre al fantasma del fascismo. Mi sembra molto sospetto, in ordine di tempo, quello che sta accadendo in Italia, manifestiamo pure ma non alla vigilia di un appuntamento elettorale\u201d.<br \/>Altro tema caldo riguarda il Pnrr: \u201cIl governo centrale ha pensato di elaborare un piano di interventi senza consultare le Regioni. Nessuna Regione \u00e8 stata coinvolta, questo deficit di confronto pesa, noi abbiamo avanzato alcune richieste ma a Roma credo che abbiamo interesse a guardare alle Regioni del centro nord, se Roma avesse consultato le regioni lo scorso anno avremmo potuto produrre progetti esecutivi gi\u00e0 cantierabili\u201d.<br \/>(ITALPRESS).<div id=\"div-gpt-ad-Messinaoggi.it-DSK-300x250-corpoart\" style=\"text-align:center;margin:0 auto;\"><\/div><\/p>\n<\/div>\n<div id=\"videoincontent\" style=\"clear:both\";><\/div>","protected":false},"excerpt":{"rendered":"<p>PALERMO (ITALPRESS) \u2013 Soddisfatto del lavoro svolto in questi anni a Palazzo d\u2019Orleans, il presidente della Regione Siciliana Nello Musumeci traccia un bilancio di governo e guarda al futuro. In occasione di un\u2019intervista a Claudio Brachino per la rubrica \u201cPrimo Piano\u201d dell\u2019Agenzia Italpress, Musumeci parte dalla campagna vaccinale: \u201cIl generale Figliuolo si \u00e8 complimentato: siamo [&hellip;]<\/p>\n","protected":false},"author":18,"featured_media":83420,"comment_status":"closed","ping_status":"closed","sticky":false,"template":"","format":"standard","meta":{"ub_ctt_via":"","_mi_skip_tracking":false},"categories":[2449],"tags":[783],"featured_image_src":"https:\/\/www.messinaoggi.it\/website\/wp-content\/uploads\/2021\/10\/20211013_0924.jpg","author_info":{"display_name":"Admin","author_link":"https:\/\/www.messinaoggi.it\/website\/author\/admin\/"},"digistream_id":0,"digistream":false,"_links":{"self":[{"href":"https:\/\/www.messinaoggi.it\/website\/wp-json\/wp\/v2\/posts\/83419"}],"collection":[{"href":"https:\/\/www.messinaoggi.it\/website\/wp-json\/wp\/v2\/posts"}],"about":[{"href":"https:\/\/www.messinaoggi.it\/website\/wp-json\/wp\/v2\/types\/post"}],"author":[{"embeddable":true,"href":"https:\/\/www.messinaoggi.it\/website\/wp-json\/wp\/v2\/users\/18"}],"replies":[{"embeddable":true,"href":"https:\/\/www.messinaoggi.it\/website\/wp-json\/wp\/v2\/comments?post=83419"}],"version-history":[{"count":0,"href":"https:\/\/www.messinaoggi.it\/website\/wp-json\/wp\/v2\/posts\/83419\/revisions"}],"wp:featuredmedia":[{"embeddable":true,"href":"https:\/\/www.messinaoggi.it\/website\/wp-json\/wp\/v2\/media\/83420"}],"wp:attachment":[{"href":"https:\/\/www.messinaoggi.it\/website\/wp-json\/wp\/v2\/media?parent=83419"}],"wp:term":[{"taxonomy":"category","embeddable":true,"href":"https:\/\/www.messinaoggi.it\/website\/wp-json\/wp\/v2\/categories?post=83419"},{"taxonomy":"post_tag","embeddable":true,"href":"https:\/\/www.messinaoggi.it\/website\/wp-json\/wp\/v2\/tags?post=83419"}],"curies":[{"name":"wp","href":"https:\/\/api.w.org\/{rel}","templated":true}]}}