{"id":83368,"date":"2021-10-12T21:07:33","date_gmt":"2021-10-12T19:07:33","guid":{"rendered":"https:\/\/www.messinaoggi.it\/website\/2021\/10\/12\/conte-a-roma-votero-gualtieri-michetti-non-e-affidabile\/"},"modified":"2021-10-12T21:07:33","modified_gmt":"2021-10-12T19:07:33","slug":"conte-a-roma-votero-gualtieri-michetti-non-e-affidabile","status":"publish","type":"post","link":"https:\/\/www.messinaoggi.it\/website\/2021\/10\/12\/conte-a-roma-votero-gualtieri-michetti-non-e-affidabile\/","title":{"rendered":"Conte \u201cA Roma voter\u00f2 Gualtieri, Michetti non \u00e8 affidabile\u201d"},"content":{"rendered":"<div>ROMA (ITALPRESS) &#8211; &#8220;Il ballottaggio a Roma? Non mi risulta affatto che la Raggi si sia schierata con Michetti. Far\u00e0 la consigliera d&#8217;opposizione. Io da cittadino romano ho a cuore il bene della Capitale, patrimonio di tutti. Tra Gualtieri e Michetti scelgo Gualtieri, conosco il suo valore. Michetti non mi d\u00e0 nessuna affidabilit\u00e0 per quel poco che ho visto e per le forze politiche che lo appoggiano. Io voter\u00f2 per Gualtieri, non sto dicendo che il M5S lo deve votare, i voti non sono pacchetti da spostare&#8221;. Lo ha dichiarato il presidente del M5S, Giuseppe Conte, a &#8220;Di Marted\u00ec&#8221; su LA7. <br \/>(ITALPRESS).<\/div>\n<div id=\"div-gpt-ad-Messinaoggi.it-DSK-300x250-corpoart\" style=\"text-align:center;margin:0 auto;\"><\/div><\/p><div id=\"videoincontent\" style=\"clear:both\";><\/div>","protected":false},"excerpt":{"rendered":"<p>ROMA (ITALPRESS) &#8211; &#8220;Il ballottaggio a Roma? Non mi risulta affatto che la Raggi si sia schierata con Michetti. Far\u00e0 la consigliera d&#8217;opposizione. Io da cittadino romano ho a cuore il bene della Capitale, patrimonio di tutti. Tra Gualtieri e Michetti scelgo Gualtieri, conosco il suo valore. Michetti non mi d\u00e0 nessuna affidabilit\u00e0 per quel [&hellip;]<\/p>\n","protected":false},"author":18,"featured_media":83369,"comment_status":"closed","ping_status":"closed","sticky":false,"template":"","format":"standard","meta":{"ub_ctt_via":"","_mi_skip_tracking":false},"categories":[446],"tags":[783],"featured_image_src":"https:\/\/www.messinaoggi.it\/website\/wp-content\/uploads\/2021\/10\/20211012_2361.jpg","author_info":{"display_name":"Admin","author_link":"https:\/\/www.messinaoggi.it\/website\/author\/admin\/"},"digistream_id":0,"digistream":false,"_links":{"self":[{"href":"https:\/\/www.messinaoggi.it\/website\/wp-json\/wp\/v2\/posts\/83368"}],"collection":[{"href":"https:\/\/www.messinaoggi.it\/website\/wp-json\/wp\/v2\/posts"}],"about":[{"href":"https:\/\/www.messinaoggi.it\/website\/wp-json\/wp\/v2\/types\/post"}],"author":[{"embeddable":true,"href":"https:\/\/www.messinaoggi.it\/website\/wp-json\/wp\/v2\/users\/18"}],"replies":[{"embeddable":true,"href":"https:\/\/www.messinaoggi.it\/website\/wp-json\/wp\/v2\/comments?post=83368"}],"version-history":[{"count":0,"href":"https:\/\/www.messinaoggi.it\/website\/wp-json\/wp\/v2\/posts\/83368\/revisions"}],"wp:featuredmedia":[{"embeddable":true,"href":"https:\/\/www.messinaoggi.it\/website\/wp-json\/wp\/v2\/media\/83369"}],"wp:attachment":[{"href":"https:\/\/www.messinaoggi.it\/website\/wp-json\/wp\/v2\/media?parent=83368"}],"wp:term":[{"taxonomy":"category","embeddable":true,"href":"https:\/\/www.messinaoggi.it\/website\/wp-json\/wp\/v2\/categories?post=83368"},{"taxonomy":"post_tag","embeddable":true,"href":"https:\/\/www.messinaoggi.it\/website\/wp-json\/wp\/v2\/tags?post=83368"}],"curies":[{"name":"wp","href":"https:\/\/api.w.org\/{rel}","templated":true}]}}