{"id":83268,"date":"2021-10-12T12:07:34","date_gmt":"2021-10-12T10:07:34","guid":{"rendered":"https:\/\/www.messinaoggi.it\/website\/2021\/10\/12\/mattarella-lunione-europea-dovra-essere-piu-forte-e-coesa\/"},"modified":"2021-10-12T12:07:34","modified_gmt":"2021-10-12T10:07:34","slug":"mattarella-lunione-europea-dovra-essere-piu-forte-e-coesa","status":"publish","type":"post","link":"https:\/\/www.messinaoggi.it\/website\/2021\/10\/12\/mattarella-lunione-europea-dovra-essere-piu-forte-e-coesa\/","title":{"rendered":"Mattarella \u201cL\u2019Unione Europea dovr\u00e0 essere pi\u00f9 forte e coesa\u201d"},"content":{"rendered":"<div>BERLINO (GERMANIA) (ITALPRESS) &#8211; &#8220;Stiamo ponendo insieme le basi dell&#8217;Europa che lasceremo alle prossime generazioni. L&#8217;Unione Europea, nei prossimi anni e decenni, radicata nel vissuto quotidiano di ciascuno dei nostri concittadini, dovr\u00e0 essere pi\u00f9 forte e coesa di quella che noi stessi abbiamo ricevuto in eredit\u00e0 dai suoi fondatori&#8221;. Lo ha detto il presidente della Repubblica, Sergio Mattarella, a Berlino, in occasione della cerimonia di consegna del Premio dei Presidenti per la Cooperazione comunale tra Italia e Germania. In precedenza il capo dello Stato aveva incontrato la cancelliera tedesca Angela Merkel.<br \/>&#8220;In occasione della visita &#8211; apprezzatissima &#8211; che il Presidente Steinmeier ha effettuato a Milano lo scorso anno abbiamo deciso di valorizzare i legami profondi che esistono tra i nostri due Paesi al livello degli enti territoriali, lanciando questa iniziativa in favore dei comuni distintisi per il contributo alla collaborazione italo-tedesca &#8211; ha spiegato Mattarella -. Lo abbiamo fatto in un momento particolarissimo, quando appariva ancora lungo e incerto il cammino che ci avrebbe condotto fuori dall&#8217;emergenza pandemica. In quel contesto, toccammo con mano la concreta solidariet\u00e0 tra i nostri due popoli, a ogni livello. Desidero in particolar modo ricordare &#8211; con viva riconoscenza &#8211; l&#8217;accoglienza offerta da ospedali tedeschi a pazienti italiani durante i momenti per noi pi\u00f9 duri del 2020&#8221;.<br \/>&#8220;Quella che allora appariva come una possibilit\u00e0 oggi \u00e8 una realt\u00e0. Sono quindi particolarmente lieto di poter essere qui e di dare insieme a tutti voi il benvenuto presso l&#8217;Ambasciata d&#8217;Italia a Berlino al Presidente Steinmeier e alla Signora B\u00f9denbender, che con la loro presenza onorano questo luogo &#8211; ha evidenziato il capo dello Stato -. La collaborazione tra comuni tedeschi e italiani ha origini lontane. Le nostre comunit\u00e0 hanno dialogato attraverso i secoli, da ben prima dell&#8217;istituzione dei primi gemellaggi, grazie allo scambio fecondo fra universit\u00e0, accademie, conservatori, biblioteche, teatri, associazioni mercantili, scientifiche e religiose. Questo ricchissimo tessuto di contatti \u00e8 impreziosito dalle molte attivit\u00e0 congiunte sorte per iniziativa delle realt\u00e0 territoriali. I gemellaggi tra comuni italiani e tedeschi rappresentano in questo contesto uno strumento imprescindibile per consolidare l&#8217;amicizia tra Germania e Italia, per approfondire la conoscenza reciproca e per affrontare insieme le sfide dell&#8217;oggi e quelle del futuro&#8221;.<br \/>(ITALPRESS).<\/div>\n<div id=\"div-gpt-ad-Messinaoggi.it-DSK-300x250-corpoart\" style=\"text-align:center;margin:0 auto;\"><\/div><\/p><div id=\"videoincontent\" style=\"clear:both\";><\/div>","protected":false},"excerpt":{"rendered":"<p>BERLINO (GERMANIA) (ITALPRESS) &#8211; &#8220;Stiamo ponendo insieme le basi dell&#8217;Europa che lasceremo alle prossime generazioni. L&#8217;Unione Europea, nei prossimi anni e decenni, radicata nel vissuto quotidiano di ciascuno dei nostri concittadini, dovr\u00e0 essere pi\u00f9 forte e coesa di quella che noi stessi abbiamo ricevuto in eredit\u00e0 dai suoi fondatori&#8221;. Lo ha detto il presidente della [&hellip;]<\/p>\n","protected":false},"author":18,"featured_media":83269,"comment_status":"closed","ping_status":"closed","sticky":false,"template":"","format":"standard","meta":{"ub_ctt_via":"","_mi_skip_tracking":false},"categories":[446],"tags":[783],"featured_image_src":"https:\/\/www.messinaoggi.it\/website\/wp-content\/uploads\/2021\/10\/20211012_0389.jpg","author_info":{"display_name":"Admin","author_link":"https:\/\/www.messinaoggi.it\/website\/author\/admin\/"},"digistream_id":0,"digistream":false,"_links":{"self":[{"href":"https:\/\/www.messinaoggi.it\/website\/wp-json\/wp\/v2\/posts\/83268"}],"collection":[{"href":"https:\/\/www.messinaoggi.it\/website\/wp-json\/wp\/v2\/posts"}],"about":[{"href":"https:\/\/www.messinaoggi.it\/website\/wp-json\/wp\/v2\/types\/post"}],"author":[{"embeddable":true,"href":"https:\/\/www.messinaoggi.it\/website\/wp-json\/wp\/v2\/users\/18"}],"replies":[{"embeddable":true,"href":"https:\/\/www.messinaoggi.it\/website\/wp-json\/wp\/v2\/comments?post=83268"}],"version-history":[{"count":0,"href":"https:\/\/www.messinaoggi.it\/website\/wp-json\/wp\/v2\/posts\/83268\/revisions"}],"wp:featuredmedia":[{"embeddable":true,"href":"https:\/\/www.messinaoggi.it\/website\/wp-json\/wp\/v2\/media\/83269"}],"wp:attachment":[{"href":"https:\/\/www.messinaoggi.it\/website\/wp-json\/wp\/v2\/media?parent=83268"}],"wp:term":[{"taxonomy":"category","embeddable":true,"href":"https:\/\/www.messinaoggi.it\/website\/wp-json\/wp\/v2\/categories?post=83268"},{"taxonomy":"post_tag","embeddable":true,"href":"https:\/\/www.messinaoggi.it\/website\/wp-json\/wp\/v2\/tags?post=83268"}],"curies":[{"name":"wp","href":"https:\/\/api.w.org\/{rel}","templated":true}]}}