{"id":83251,"date":"2021-10-12T10:04:01","date_gmt":"2021-10-12T08:04:01","guid":{"rendered":"http:\/\/www.messinaoggi.it\/website\/?p=83251"},"modified":"2021-10-12T10:04:02","modified_gmt":"2021-10-12T08:04:02","slug":"pnrr-avviato-liter-per-la-zes-sui-nebrodi","status":"publish","type":"post","link":"https:\/\/www.messinaoggi.it\/website\/2021\/10\/12\/pnrr-avviato-liter-per-la-zes-sui-nebrodi\/","title":{"rendered":"Pnrr, avviato l\u2019iter per la Zes sui Nebrodi"},"content":{"rendered":"\n<p>\u00c8 stato avviato l\u2019iter per l\u2019istituzione di una Zona economica speciale (Zes) sui Nebrodi. Soddisfatta al riguardo la deputata di Forza Italia all&#8217;Ars Bernardette Grasso, che in precedenza si era occupata di questa vicenda tramite la presentazione di un apposito ordine del giorno all&#8217;Ars, poi approvato, e la successiva richiesta di istituzione di una Zes nebroidea fatta al ministro per il Sud, Mara Carfagna.<div id=\"div-gpt-ad-Messinaoggi.it-DSK-300x250-corpoart\" style=\"text-align:center;margin:0 auto;\"><\/div><\/p>\n\n\n\n<p>\u201cApprendo con soddisfazione da Roma, che \u00e8 stato avviato l&#8217;iter per l\u2018inserimento nel PNRR dell&#8217;area nebroidea tra quelle della Sicilia orientale che beneficeranno della Zona economica speciale (ZES). \u2013 dichiara Grasso \u2013 Si tratta di un primo investimento che include il potenziamento di infrastrutture retroportuali a vantaggio del territorio. Tra queste anche il porto di Sant\u2019Agata di Militello.<div id=\"videoincontent\" style=\"clear:both\";><\/div><\/p>\n\n\n\n<p>\u00c8 la prosecuzione di un percorso virtuoso che \u00e8 iniziato con la presentazione di un mio ordine del giorno approvato all&#8217;Ars, e che \u00e8 continuato con l&#8217;incontro a Roma con il Ministro per il Sud, Mara Carfagna, nel quale ho esposto l&#8217;importanza di una Zona economica speciale per il territorio.<\/p>\n\n\n\n<p>\u201cGrazie ad un regime di fiscalit\u00e0 pi\u00f9 vantaggioso, si potranno attrarre investitori che garantiranno una crescita e una maggiore fruizione, sia per gli operatori marittimi, che per i turisti e tutti i cittadini. In termini numerici, con lo sblocco della fase 2 del Recovery, sono gi\u00e0 state allocate al Sud risorse pari al 43% del totale. Per la Sicilia si tratta di una cifra che supera i 5,1 miliardi di euro\u201d.<\/p>\n","protected":false},"excerpt":{"rendered":"<p>\u00c8 stato avviato l\u2019iter per l\u2019istituzione di una Zona economica speciale (Zes) sui Nebrodi. Soddisfatta al riguardo la deputata di Forza Italia all&#8217;Ars Bernardette Grasso, che in precedenza si era occupata di questa vicenda tramite la presentazione di un apposito ordine del giorno all&#8217;Ars, poi approvato, e la successiva richiesta di istituzione di una Zes [&hellip;]<\/p>\n","protected":false},"author":8,"featured_media":5348,"comment_status":"open","ping_status":"open","sticky":false,"template":"","format":"standard","meta":{"ub_ctt_via":"","_mi_skip_tracking":false},"categories":[13,18],"tags":[946,2334,3217],"featured_image_src":"https:\/\/www.messinaoggi.it\/website\/wp-content\/uploads\/2017\/07\/ucria-nebrodi-2.jpg","author_info":{"display_name":"red..me","author_link":"https:\/\/www.messinaoggi.it\/website\/author\/redstage\/"},"digistream_id":0,"digistream":false,"_links":{"self":[{"href":"https:\/\/www.messinaoggi.it\/website\/wp-json\/wp\/v2\/posts\/83251"}],"collection":[{"href":"https:\/\/www.messinaoggi.it\/website\/wp-json\/wp\/v2\/posts"}],"about":[{"href":"https:\/\/www.messinaoggi.it\/website\/wp-json\/wp\/v2\/types\/post"}],"author":[{"embeddable":true,"href":"https:\/\/www.messinaoggi.it\/website\/wp-json\/wp\/v2\/users\/8"}],"replies":[{"embeddable":true,"href":"https:\/\/www.messinaoggi.it\/website\/wp-json\/wp\/v2\/comments?post=83251"}],"version-history":[{"count":1,"href":"https:\/\/www.messinaoggi.it\/website\/wp-json\/wp\/v2\/posts\/83251\/revisions"}],"predecessor-version":[{"id":83252,"href":"https:\/\/www.messinaoggi.it\/website\/wp-json\/wp\/v2\/posts\/83251\/revisions\/83252"}],"wp:featuredmedia":[{"embeddable":true,"href":"https:\/\/www.messinaoggi.it\/website\/wp-json\/wp\/v2\/media\/5348"}],"wp:attachment":[{"href":"https:\/\/www.messinaoggi.it\/website\/wp-json\/wp\/v2\/media?parent=83251"}],"wp:term":[{"taxonomy":"category","embeddable":true,"href":"https:\/\/www.messinaoggi.it\/website\/wp-json\/wp\/v2\/categories?post=83251"},{"taxonomy":"post_tag","embeddable":true,"href":"https:\/\/www.messinaoggi.it\/website\/wp-json\/wp\/v2\/tags?post=83251"}],"curies":[{"name":"wp","href":"https:\/\/api.w.org\/{rel}","templated":true}]}}