{"id":83233,"date":"2021-10-12T09:07:34","date_gmt":"2021-10-12T07:07:34","guid":{"rendered":"https:\/\/www.messinaoggi.it\/website\/2021\/10\/12\/letta-draghi-sciolga-forza-nuova\/"},"modified":"2021-10-12T09:44:42","modified_gmt":"2021-10-12T07:44:42","slug":"letta-draghi-sciolga-forza-nuova","status":"publish","type":"post","link":"https:\/\/www.messinaoggi.it\/website\/2021\/10\/12\/letta-draghi-sciolga-forza-nuova\/","title":{"rendered":"Letta \u201cDraghi sciolga Forza Nuova\u201d"},"content":{"rendered":"<div>ROMA (ITALPRESS) &#8211; &#8220;Quella \u00e8 la strada da seguire e chiediamo al presidente Draghi di farlo. Ma noi abbiamo presentato una mozione perch\u00e8 penso sia importante per il governo avere un ampio sostegno parlamentare rispetto a questa decisione. Deve esserci e sarebbe incomprensibile se non ci fosse&#8221;. Lo dice in un&#8217;intervista al quotidiano La Stampa il segretario del Pd Enrico Letta, in merito alla possibilit\u00e0 che il Governo Draghi con un decreto sciolga Forza Nuova.<br \/>&#8220;Lanciamo un appello a tutti i partiti, non abbiamo intenzione di trasformare questo atto parlamentare in un atto di parte, non lo facciano nemmeno gli altri &#8211; spiega Letta -. Non vogliamo essere solo noi i guardiani della Costituzione. Ma, se ci costringeranno, lo saremo&#8221;.<br \/>Quanto alle polemiche sulle parole del vicesegretario del Pd Giuseppe Provenzano su Fratelli d&#8217;Italia, Letta sottolinea: &#8220;Provenzano ha spiegato bene il senso. Ma penso che noi dobbiamo fare di tutto per evitare di dividerci dentro il Parlamento, dobbiamo essere inclusivi, siano gli altri a decidere se staccarsi: trasformare questa vicenda in una questione destra-sinistra sarebbe un errore. E&#8217; evidente che, dopo il gesto criminoso compiuto dai capi di Forza Nuova, quell&#8217;organizzazione \u00e8 fuori legge: quello che \u00e8 successo \u00e8 inequivocabile e deve portare allo scioglimento&#8221;.<br \/>(ITALPRESS).<\/div>\n<div id=\"div-gpt-ad-Messinaoggi.it-DSK-300x250-corpoart\" style=\"text-align:center;margin:0 auto;\"><\/div><\/p><div id=\"videoincontent\" style=\"clear:both\";><\/div>","protected":false},"excerpt":{"rendered":"<p>ROMA (ITALPRESS) &#8211; &#8220;Quella \u00e8 la strada da seguire e chiediamo al presidente Draghi di farlo. Ma noi abbiamo presentato una mozione perch\u00e8 penso sia importante per il governo avere un ampio sostegno parlamentare rispetto a questa decisione. Deve esserci e sarebbe incomprensibile se non ci fosse&#8221;. Lo dice in un&#8217;intervista al quotidiano La Stampa [&hellip;]<\/p>\n","protected":false},"author":18,"featured_media":83234,"comment_status":"closed","ping_status":"closed","sticky":false,"template":"","format":"standard","meta":{"ub_ctt_via":"","_mi_skip_tracking":false},"categories":[446,4],"tags":[783],"featured_image_src":"https:\/\/www.messinaoggi.it\/website\/wp-content\/uploads\/2021\/10\/20211012_0088.jpg","author_info":{"display_name":"Admin","author_link":"https:\/\/www.messinaoggi.it\/website\/author\/admin\/"},"digistream_id":0,"digistream":false,"_links":{"self":[{"href":"https:\/\/www.messinaoggi.it\/website\/wp-json\/wp\/v2\/posts\/83233"}],"collection":[{"href":"https:\/\/www.messinaoggi.it\/website\/wp-json\/wp\/v2\/posts"}],"about":[{"href":"https:\/\/www.messinaoggi.it\/website\/wp-json\/wp\/v2\/types\/post"}],"author":[{"embeddable":true,"href":"https:\/\/www.messinaoggi.it\/website\/wp-json\/wp\/v2\/users\/18"}],"replies":[{"embeddable":true,"href":"https:\/\/www.messinaoggi.it\/website\/wp-json\/wp\/v2\/comments?post=83233"}],"version-history":[{"count":1,"href":"https:\/\/www.messinaoggi.it\/website\/wp-json\/wp\/v2\/posts\/83233\/revisions"}],"predecessor-version":[{"id":83244,"href":"https:\/\/www.messinaoggi.it\/website\/wp-json\/wp\/v2\/posts\/83233\/revisions\/83244"}],"wp:featuredmedia":[{"embeddable":true,"href":"https:\/\/www.messinaoggi.it\/website\/wp-json\/wp\/v2\/media\/83234"}],"wp:attachment":[{"href":"https:\/\/www.messinaoggi.it\/website\/wp-json\/wp\/v2\/media?parent=83233"}],"wp:term":[{"taxonomy":"category","embeddable":true,"href":"https:\/\/www.messinaoggi.it\/website\/wp-json\/wp\/v2\/categories?post=83233"},{"taxonomy":"post_tag","embeddable":true,"href":"https:\/\/www.messinaoggi.it\/website\/wp-json\/wp\/v2\/tags?post=83233"}],"curies":[{"name":"wp","href":"https:\/\/api.w.org\/{rel}","templated":true}]}}