{"id":83223,"date":"2021-10-12T11:55:15","date_gmt":"2021-10-12T09:55:15","guid":{"rendered":"http:\/\/www.messinaoggi.it\/website\/?p=83223"},"modified":"2021-10-12T01:14:51","modified_gmt":"2021-10-11T23:14:51","slug":"calcio-ssd-camaro-affida-lunder-15-regionale-a-domenico-moschella","status":"publish","type":"post","link":"https:\/\/www.messinaoggi.it\/website\/2021\/10\/12\/calcio-ssd-camaro-affida-lunder-15-regionale-a-domenico-moschella\/","title":{"rendered":"CALCIO &#8211; Ssd Camaro affida l&#8217;under 15 regionale a Domenico Moschella"},"content":{"rendered":"\n<p>SSD Camaro 1969 comunica l&#8217;interruzione del rapporto professionale con il tecnico dell&#8217;Under 15 Regionale Corrado Randazzo. Il club intende ringraziare Randazzo per il lavoro sin qui svolto con seriet\u00e0 e massima professionalit\u00e0, augurando le migliori fortune per il prosieguo di carriera.<div id=\"div-gpt-ad-Messinaoggi.it-DSK-300x250-corpoart\" style=\"text-align:center;margin:0 auto;\"><\/div><\/p>\n\n\n\n<p>La formazione Under 15 Regionale \u00e8 stata affidata al sig. Domenico Moschella.<div id=\"videoincontent\" style=\"clear:both\";><\/div><\/p>\n\n\n\n<p>Tecnico di esperienza e dal ricco curriculum, Moschella, dopo una carriera da calciatore che lo ha visto vestire anche la maglia del Messina in C1, ha intrapreso il percorso tecnico nella stagione 2009-2010 sulla panchina dell&#8217;Akron Savoca. Tra il 2014 e il 2018 \u00e8 stato allenatore della Jonica, prima nella categoria Under 15 Regionale e successivamente in prima squadra, guidando i santateresini fino al campionato di Eccellenza. Nella stagione 2019\/2020, per il neo-tecnico del Camaro, avventura in Promozione sulla panchina dell&#8217;Igea 1946.<\/p>\n","protected":false},"excerpt":{"rendered":"<p>SSD Camaro 1969 comunica l&#8217;interruzione del rapporto professionale con il tecnico dell&#8217;Under 15 Regionale Corrado Randazzo. Il club intende ringraziare Randazzo per il lavoro sin qui svolto con seriet\u00e0 e massima professionalit\u00e0, augurando le migliori fortune per il prosieguo di carriera. La formazione Under 15 Regionale \u00e8 stata affidata al sig. Domenico Moschella. Tecnico di [&hellip;]<\/p>\n","protected":false},"author":17,"featured_media":83224,"comment_status":"open","ping_status":"open","sticky":false,"template":"","format":"standard","meta":{"ub_ctt_via":"","_mi_skip_tracking":false},"categories":[10,9],"tags":[3213,253],"featured_image_src":"https:\/\/www.messinaoggi.it\/website\/wp-content\/uploads\/2021\/10\/mister-Domenico-Moschella.jpg","author_info":{"display_name":"Giuseppe Luppino","author_link":"https:\/\/www.messinaoggi.it\/website\/author\/g-luppino\/"},"digistream_id":0,"digistream":false,"_links":{"self":[{"href":"https:\/\/www.messinaoggi.it\/website\/wp-json\/wp\/v2\/posts\/83223"}],"collection":[{"href":"https:\/\/www.messinaoggi.it\/website\/wp-json\/wp\/v2\/posts"}],"about":[{"href":"https:\/\/www.messinaoggi.it\/website\/wp-json\/wp\/v2\/types\/post"}],"author":[{"embeddable":true,"href":"https:\/\/www.messinaoggi.it\/website\/wp-json\/wp\/v2\/users\/17"}],"replies":[{"embeddable":true,"href":"https:\/\/www.messinaoggi.it\/website\/wp-json\/wp\/v2\/comments?post=83223"}],"version-history":[{"count":1,"href":"https:\/\/www.messinaoggi.it\/website\/wp-json\/wp\/v2\/posts\/83223\/revisions"}],"predecessor-version":[{"id":83225,"href":"https:\/\/www.messinaoggi.it\/website\/wp-json\/wp\/v2\/posts\/83223\/revisions\/83225"}],"wp:featuredmedia":[{"embeddable":true,"href":"https:\/\/www.messinaoggi.it\/website\/wp-json\/wp\/v2\/media\/83224"}],"wp:attachment":[{"href":"https:\/\/www.messinaoggi.it\/website\/wp-json\/wp\/v2\/media?parent=83223"}],"wp:term":[{"taxonomy":"category","embeddable":true,"href":"https:\/\/www.messinaoggi.it\/website\/wp-json\/wp\/v2\/categories?post=83223"},{"taxonomy":"post_tag","embeddable":true,"href":"https:\/\/www.messinaoggi.it\/website\/wp-json\/wp\/v2\/tags?post=83223"}],"curies":[{"name":"wp","href":"https:\/\/api.w.org\/{rel}","templated":true}]}}