{"id":83197,"date":"2021-10-11T19:07:32","date_gmt":"2021-10-11T17:07:32","guid":{"rendered":"https:\/\/www.messinaoggi.it\/website\/2021\/10\/11\/salvini-a-letta-sciogliere-realta-violente-di-ogni-colore\/"},"modified":"2021-10-11T19:07:32","modified_gmt":"2021-10-11T17:07:32","slug":"salvini-a-letta-sciogliere-realta-violente-di-ogni-colore","status":"publish","type":"post","link":"https:\/\/www.messinaoggi.it\/website\/2021\/10\/11\/salvini-a-letta-sciogliere-realta-violente-di-ogni-colore\/","title":{"rendered":"Salvini a Letta \u201cSciogliere realt\u00e0 violente di ogni colore\u201d"},"content":{"rendered":"<div>ROMA (ITALPRESS) &#8211; &#8220;La violenza no ha colore, va sempre condannata da chiunque arrivi. Dico a Letta che sta pontificando, vogliamo fare qualcosa di serio? Tutto il Parlamento si unisca per approvare un documento contro ogni genere di violenza per sciogliere tutte le realt\u00e0 che portano avanti la violenza&#8221;. Cos\u00ec il leader della Lega, Matteo Salvini, durante un comizio a Ostia.<br \/>&#8220;Non \u00e8 che la violenza dei centri sociali che menano i gazebi della Lega sia meno violenza. Vogliamo fare una manifestazione tutti insieme? Facciamola per condannare ogni genere di violenza, ma &#8211; ha aggiunto &#8211; non permetto di confondere cento criminali con le decine di migliaia di persone che hanno il sacrosanto diritto di manifestare pacificamente nelle piazze, qualunque sia la loro idea. Il tizio che \u00e8 stato arrestato, che era in piazza e ha fatto un casino indecente, era l\u00e0 con il Daspo e il braccialetto elettronico e non doveva essere l\u00e0. Perch\u00e8 era l\u00e0 dove non doveva essere? O qualcuno che doveva evitare che fosse l\u00e0 non sa fare il suo lavoro e non va bene o a qualcuno che doveva evitare che fosse l\u00e0 faceva comodo che fosse l\u00e0. Lascio a voi giudicare&#8221;, ha chiosato Salvini.<br \/>(ITALPRESS).<\/div>\n<div id=\"div-gpt-ad-Messinaoggi.it-DSK-300x250-corpoart\" style=\"text-align:center;margin:0 auto;\"><\/div><\/p><div id=\"videoincontent\" style=\"clear:both\";><\/div>","protected":false},"excerpt":{"rendered":"<p>ROMA (ITALPRESS) &#8211; &#8220;La violenza no ha colore, va sempre condannata da chiunque arrivi. Dico a Letta che sta pontificando, vogliamo fare qualcosa di serio? Tutto il Parlamento si unisca per approvare un documento contro ogni genere di violenza per sciogliere tutte le realt\u00e0 che portano avanti la violenza&#8221;. Cos\u00ec il leader della Lega, Matteo [&hellip;]<\/p>\n","protected":false},"author":18,"featured_media":83198,"comment_status":"closed","ping_status":"closed","sticky":false,"template":"","format":"standard","meta":{"ub_ctt_via":"","_mi_skip_tracking":false},"categories":[446],"tags":[783],"featured_image_src":"https:\/\/www.messinaoggi.it\/website\/wp-content\/uploads\/2021\/10\/20211011_1718.jpg","author_info":{"display_name":"Admin","author_link":"https:\/\/www.messinaoggi.it\/website\/author\/admin\/"},"digistream_id":0,"digistream":false,"_links":{"self":[{"href":"https:\/\/www.messinaoggi.it\/website\/wp-json\/wp\/v2\/posts\/83197"}],"collection":[{"href":"https:\/\/www.messinaoggi.it\/website\/wp-json\/wp\/v2\/posts"}],"about":[{"href":"https:\/\/www.messinaoggi.it\/website\/wp-json\/wp\/v2\/types\/post"}],"author":[{"embeddable":true,"href":"https:\/\/www.messinaoggi.it\/website\/wp-json\/wp\/v2\/users\/18"}],"replies":[{"embeddable":true,"href":"https:\/\/www.messinaoggi.it\/website\/wp-json\/wp\/v2\/comments?post=83197"}],"version-history":[{"count":0,"href":"https:\/\/www.messinaoggi.it\/website\/wp-json\/wp\/v2\/posts\/83197\/revisions"}],"wp:featuredmedia":[{"embeddable":true,"href":"https:\/\/www.messinaoggi.it\/website\/wp-json\/wp\/v2\/media\/83198"}],"wp:attachment":[{"href":"https:\/\/www.messinaoggi.it\/website\/wp-json\/wp\/v2\/media?parent=83197"}],"wp:term":[{"taxonomy":"category","embeddable":true,"href":"https:\/\/www.messinaoggi.it\/website\/wp-json\/wp\/v2\/categories?post=83197"},{"taxonomy":"post_tag","embeddable":true,"href":"https:\/\/www.messinaoggi.it\/website\/wp-json\/wp\/v2\/tags?post=83197"}],"curies":[{"name":"wp","href":"https:\/\/api.w.org\/{rel}","templated":true}]}}