{"id":8314,"date":"2017-09-23T16:57:21","date_gmt":"2017-09-23T14:57:21","guid":{"rendered":"http:\/\/www.messinaoggi.it\/website\/?p=8314"},"modified":"2017-09-23T16:57:21","modified_gmt":"2017-09-23T14:57:21","slug":"regionali-micari-a-messina-non-mi-appassionano-i-sondaggi","status":"publish","type":"post","link":"https:\/\/www.messinaoggi.it\/website\/2017\/09\/23\/regionali-micari-a-messina-non-mi-appassionano-i-sondaggi\/","title":{"rendered":"Regionali, Micari a Messina: &quot;Non mi appassionano i sondaggi&quot;"},"content":{"rendered":"<p>&#8220;Non mi appassiona il tema dei sondaggi, poi per quanto riguarda la notoriet\u00e0 \u00e8 chiaro che io fino a un mese fa mi occupavo di Universit\u00e0 mentre i miei competitor sono in campo chi da 50 e chi da 25 anni per cui sono piu&#8217; conosciuti. Ma noi abbiamo idee, abbiamo progetti per i nostri giovani quindi sono sicuro che otterremo dei risultati&#8221;.<br \/>\nLo ha detto questa mattina il candidato governatore in Sicilia per il centrosinistra, Fabrizio Micari, parlando in una convention elettorale a palazzo Zanca.<br \/>\n<img loading=\"lazy\" class=\"alignnone size-medium wp-image-8306\" src=\"http:\/\/www.messinaoggi.it\/website\/wp-content\/uploads\/2017\/09\/candidatura-micariRRP_7608-300x200.jpg\" alt=\"\" width=\"300\" height=\"200\" \/>\u00a0 <strong>foto Rocco Papandrea<\/strong><br \/>\nPresente questa mattina a Messina anche Giovanni La Via di Ap: &#8220;Non credo ai sondaggi quando vengono fatti comparando soggetti che sono in campagna elettorale in periodi diversi. Non essendoci ancora le liste, la vera partita e il vero sondaggio saranno quelli a 15-20 giorni dal voto: quello sara&#8217; un sondaggio molto piu&#8217; interessante che fornira&#8217; indicazioni utili per la parte conclusiva della campagna elettorale. Sono convinto che abbiamo una piu&#8217; ampia presenza di amministratori rispetto al centrodestra e dovremo fare lavorare questa squadra su tutto il territorio per trasformare questo lavoro in consenso per il tandem Micari-La Via&#8221;<div id=\"div-gpt-ad-Messinaoggi.it-DSK-300x250-corpoart\" style=\"text-align:center;margin:0 auto;\"><\/div><\/p>\n<div id=\"videoincontent\" style=\"clear:both\";><\/div>","protected":false},"excerpt":{"rendered":"<p>&#8220;Non mi appassiona il tema dei sondaggi, poi per quanto riguarda la notoriet\u00e0 \u00e8 chiaro che io fino a un mese fa mi occupavo di Universit\u00e0 mentre i miei competitor sono in campo chi da 50 e chi da 25 anni per cui sono piu&#8217; conosciuti. Ma noi abbiamo idee, abbiamo progetti per i nostri [&hellip;]<\/p>\n","protected":false},"author":2,"featured_media":8297,"comment_status":"closed","ping_status":"open","sticky":false,"template":"","format":"standard","meta":{"ub_ctt_via":"","_mi_skip_tracking":false},"categories":[6],"tags":[],"featured_image_src":"https:\/\/www.messinaoggi.it\/website\/wp-content\/uploads\/2017\/09\/candidatura-micariRRP_7572-2.jpg","author_info":{"display_name":"Redazione","author_link":"https:\/\/www.messinaoggi.it\/website\/author\/redazione\/"},"digistream_id":0,"digistream":false,"_links":{"self":[{"href":"https:\/\/www.messinaoggi.it\/website\/wp-json\/wp\/v2\/posts\/8314"}],"collection":[{"href":"https:\/\/www.messinaoggi.it\/website\/wp-json\/wp\/v2\/posts"}],"about":[{"href":"https:\/\/www.messinaoggi.it\/website\/wp-json\/wp\/v2\/types\/post"}],"author":[{"embeddable":true,"href":"https:\/\/www.messinaoggi.it\/website\/wp-json\/wp\/v2\/users\/2"}],"replies":[{"embeddable":true,"href":"https:\/\/www.messinaoggi.it\/website\/wp-json\/wp\/v2\/comments?post=8314"}],"version-history":[{"count":0,"href":"https:\/\/www.messinaoggi.it\/website\/wp-json\/wp\/v2\/posts\/8314\/revisions"}],"wp:featuredmedia":[{"embeddable":true,"href":"https:\/\/www.messinaoggi.it\/website\/wp-json\/wp\/v2\/media\/8297"}],"wp:attachment":[{"href":"https:\/\/www.messinaoggi.it\/website\/wp-json\/wp\/v2\/media?parent=8314"}],"wp:term":[{"taxonomy":"category","embeddable":true,"href":"https:\/\/www.messinaoggi.it\/website\/wp-json\/wp\/v2\/categories?post=8314"},{"taxonomy":"post_tag","embeddable":true,"href":"https:\/\/www.messinaoggi.it\/website\/wp-json\/wp\/v2\/tags?post=8314"}],"curies":[{"name":"wp","href":"https:\/\/api.w.org\/{rel}","templated":true}]}}