{"id":83138,"date":"2021-10-11T13:07:35","date_gmt":"2021-10-11T11:07:35","guid":{"rendered":"https:\/\/www.messinaoggi.it\/website\/2021\/10\/11\/salvini-lassalto-alla-cgil-non-un-atto-politico-ma-delinquenza\/"},"modified":"2021-10-11T13:07:35","modified_gmt":"2021-10-11T11:07:35","slug":"salvini-lassalto-alla-cgil-non-un-atto-politico-ma-delinquenza","status":"publish","type":"post","link":"https:\/\/www.messinaoggi.it\/website\/2021\/10\/11\/salvini-lassalto-alla-cgil-non-un-atto-politico-ma-delinquenza\/","title":{"rendered":"Salvini \u201cL\u2019assalto alla Cgil non un atto politico ma delinquenza\u201d"},"content":{"rendered":"<div>ROMA (ITALPRESS) &#8211; &#8220;Noi condanniamo sempre qualunque tipo di violenza, visto che ne siamo vittime quasi settimanalmente. La violenza non \u00e8 mai giustificata e non \u00e8 mai la soluzione, n\u00e8 da sinistra n\u00e8 da destra. Gli assalti ai sindacati, alle associazioni, ai pronto soccorso, alle camionette della Polizia e ai negozi sono da criminali. Non \u00e8 un atto politico, \u00e8 un atto di delinquenza e come tale va trattato&#8221;. Lo ha detto il leader della Lega, Matteo Salvini, a margine di un incontro con i cittadini a Torrevecchia a Roma.<br \/>&#8220;Sicuramente dal punto di vista dell&#8217;ordine pubblico qualcosa non ha funzionato, perch\u00e8 se un tizio con il braccialetto elettronico, con due richieste di arresto, con il divieto di essere alle manifestazioni, era in piazza del Popolo ad arringare la folla o qualcuno non \u00e8 in grado di fare il suo mestiere o a qualcuno fa comodo che certa gente vada in giro a fare casino perch\u00e8 altra soluzione non la vedo &#8211; ha aggiunto -. Quello che non si deve fare \u00e8 mischiare decine di migliaia di persone perbene che hanno diritto di manifestare in piazza pacificamente con quei venti, cinquanta, cento criminali che non devono mettere pi\u00f9 piede in piazza&#8221;.<br \/>(ITALPRESS).<\/div>\n<div id=\"div-gpt-ad-Messinaoggi.it-DSK-300x250-corpoart\" style=\"text-align:center;margin:0 auto;\"><\/div><\/p><div id=\"videoincontent\" style=\"clear:both\";><\/div>","protected":false},"excerpt":{"rendered":"<p>ROMA (ITALPRESS) &#8211; &#8220;Noi condanniamo sempre qualunque tipo di violenza, visto che ne siamo vittime quasi settimanalmente. La violenza non \u00e8 mai giustificata e non \u00e8 mai la soluzione, n\u00e8 da sinistra n\u00e8 da destra. Gli assalti ai sindacati, alle associazioni, ai pronto soccorso, alle camionette della Polizia e ai negozi sono da criminali. Non [&hellip;]<\/p>\n","protected":false},"author":18,"featured_media":83139,"comment_status":"closed","ping_status":"closed","sticky":false,"template":"","format":"standard","meta":{"ub_ctt_via":"","_mi_skip_tracking":false},"categories":[446],"tags":[783],"featured_image_src":"https:\/\/www.messinaoggi.it\/website\/wp-content\/uploads\/2021\/10\/20211011_0492.jpg","author_info":{"display_name":"Admin","author_link":"https:\/\/www.messinaoggi.it\/website\/author\/admin\/"},"digistream_id":0,"digistream":false,"_links":{"self":[{"href":"https:\/\/www.messinaoggi.it\/website\/wp-json\/wp\/v2\/posts\/83138"}],"collection":[{"href":"https:\/\/www.messinaoggi.it\/website\/wp-json\/wp\/v2\/posts"}],"about":[{"href":"https:\/\/www.messinaoggi.it\/website\/wp-json\/wp\/v2\/types\/post"}],"author":[{"embeddable":true,"href":"https:\/\/www.messinaoggi.it\/website\/wp-json\/wp\/v2\/users\/18"}],"replies":[{"embeddable":true,"href":"https:\/\/www.messinaoggi.it\/website\/wp-json\/wp\/v2\/comments?post=83138"}],"version-history":[{"count":0,"href":"https:\/\/www.messinaoggi.it\/website\/wp-json\/wp\/v2\/posts\/83138\/revisions"}],"wp:featuredmedia":[{"embeddable":true,"href":"https:\/\/www.messinaoggi.it\/website\/wp-json\/wp\/v2\/media\/83139"}],"wp:attachment":[{"href":"https:\/\/www.messinaoggi.it\/website\/wp-json\/wp\/v2\/media?parent=83138"}],"wp:term":[{"taxonomy":"category","embeddable":true,"href":"https:\/\/www.messinaoggi.it\/website\/wp-json\/wp\/v2\/categories?post=83138"},{"taxonomy":"post_tag","embeddable":true,"href":"https:\/\/www.messinaoggi.it\/website\/wp-json\/wp\/v2\/tags?post=83138"}],"curies":[{"name":"wp","href":"https:\/\/api.w.org\/{rel}","templated":true}]}}