{"id":83136,"date":"2021-10-11T13:07:34","date_gmt":"2021-10-11T11:07:34","guid":{"rendered":"https:\/\/www.messinaoggi.it\/website\/2021\/10\/11\/morto-a-95-anni-elio-pandolfi-attore-poliedrico-e-doppiatore\/"},"modified":"2021-10-11T13:07:34","modified_gmt":"2021-10-11T11:07:34","slug":"morto-a-95-anni-elio-pandolfi-attore-poliedrico-e-doppiatore","status":"publish","type":"post","link":"https:\/\/www.messinaoggi.it\/website\/2021\/10\/11\/morto-a-95-anni-elio-pandolfi-attore-poliedrico-e-doppiatore\/","title":{"rendered":"Morto a 95 anni Elio Pandolfi, attore poliedrico e doppiatore"},"content":{"rendered":"<div>ROMA (ITALPRESS) &#8211; E&#8217; morto all&#8217;et\u00e0 di 95 anni Elio Pandolfi. Nato a Roma il 17 giugno del 1926, \u00e8 stato un attore, doppiatore e cantante. Diplomatosi all&#8217;Accademia nazionale d&#8217;arte drammatica di Roma, debutt\u00f2 a Venezia nel 1948 come mimo-ballerino in Les malheurs d&#8217;Orph\u00e8e di Milhaud. Nel 1954 debutt\u00f2 come cantante nell&#8217;operetta di Alfredo Cuscin\u00e0 La barca dei comici, per poi dedicarsi all&#8217;attivit\u00e0 teatrale con Wanda Osiris, Carlo Dapporto, Lauretta Masiero, Febo Conti e Antonella Steni. Come doppiatore \u00e8 stato la voce italiana dell&#8217;attore francese Jacques Dufilho in tutti i film della serie sul Colonnello Buttiglione. Ha doppiato anche Stanlio e due personaggi Disney: Paperino, nei cartoni degli anni Sessanta e Settanta come seconda voce alternato a Oreste Lionello, e Le tont ne La bella e la bestia. E&#8217; stato un doppiatore molto attivo all&#8217;interno di Carosello, dando voce a una serie di personaggi animati, soprattutto della Paul Film di Paul Campani. Pandolfi ha lavorato anche in televisione partecipando a variet\u00e0 e sceneggiati, tra cui Fuori programma, Za-bum e La domenica \u00e8 un&#8217;altra cosa. Nel 2016 \u00e8 stato premiato alla casa del Cinema di Roma, con il Nastro d&#8217;argento alla carriera.<br \/>(ITALPRESS).<\/div>\n<div id=\"div-gpt-ad-Messinaoggi.it-DSK-300x250-corpoart\" style=\"text-align:center;margin:0 auto;\"><\/div><\/p><div id=\"videoincontent\" style=\"clear:both\";><\/div>","protected":false},"excerpt":{"rendered":"<p>ROMA (ITALPRESS) &#8211; E&#8217; morto all&#8217;et\u00e0 di 95 anni Elio Pandolfi. Nato a Roma il 17 giugno del 1926, \u00e8 stato un attore, doppiatore e cantante. Diplomatosi all&#8217;Accademia nazionale d&#8217;arte drammatica di Roma, debutt\u00f2 a Venezia nel 1948 come mimo-ballerino in Les malheurs d&#8217;Orph\u00e8e di Milhaud. Nel 1954 debutt\u00f2 come cantante nell&#8217;operetta di Alfredo Cuscin\u00e0 [&hellip;]<\/p>\n","protected":false},"author":18,"featured_media":83137,"comment_status":"closed","ping_status":"closed","sticky":false,"template":"","format":"standard","meta":{"ub_ctt_via":"","_mi_skip_tracking":false},"categories":[446],"tags":[783],"featured_image_src":"https:\/\/www.messinaoggi.it\/website\/wp-content\/uploads\/2021\/10\/20211011_0485-700x486-1.jpg","author_info":{"display_name":"Admin","author_link":"https:\/\/www.messinaoggi.it\/website\/author\/admin\/"},"digistream_id":0,"digistream":false,"_links":{"self":[{"href":"https:\/\/www.messinaoggi.it\/website\/wp-json\/wp\/v2\/posts\/83136"}],"collection":[{"href":"https:\/\/www.messinaoggi.it\/website\/wp-json\/wp\/v2\/posts"}],"about":[{"href":"https:\/\/www.messinaoggi.it\/website\/wp-json\/wp\/v2\/types\/post"}],"author":[{"embeddable":true,"href":"https:\/\/www.messinaoggi.it\/website\/wp-json\/wp\/v2\/users\/18"}],"replies":[{"embeddable":true,"href":"https:\/\/www.messinaoggi.it\/website\/wp-json\/wp\/v2\/comments?post=83136"}],"version-history":[{"count":0,"href":"https:\/\/www.messinaoggi.it\/website\/wp-json\/wp\/v2\/posts\/83136\/revisions"}],"wp:featuredmedia":[{"embeddable":true,"href":"https:\/\/www.messinaoggi.it\/website\/wp-json\/wp\/v2\/media\/83137"}],"wp:attachment":[{"href":"https:\/\/www.messinaoggi.it\/website\/wp-json\/wp\/v2\/media?parent=83136"}],"wp:term":[{"taxonomy":"category","embeddable":true,"href":"https:\/\/www.messinaoggi.it\/website\/wp-json\/wp\/v2\/categories?post=83136"},{"taxonomy":"post_tag","embeddable":true,"href":"https:\/\/www.messinaoggi.it\/website\/wp-json\/wp\/v2\/tags?post=83136"}],"curies":[{"name":"wp","href":"https:\/\/api.w.org\/{rel}","templated":true}]}}