{"id":83102,"date":"2021-10-11T09:07:32","date_gmt":"2021-10-11T07:07:32","guid":{"rendered":"https:\/\/www.messinaoggi.it\/website\/2021\/10\/11\/green-pass-orlando-protesta-usata-per-salto-di-qualita-eversivo\/"},"modified":"2021-10-11T10:30:49","modified_gmt":"2021-10-11T08:30:49","slug":"green-pass-orlando-protesta-usata-per-salto-di-qualita-eversivo","status":"publish","type":"post","link":"https:\/\/www.messinaoggi.it\/website\/2021\/10\/11\/green-pass-orlando-protesta-usata-per-salto-di-qualita-eversivo\/","title":{"rendered":"Green Pass, Orlando \u201cProtesta usata per salto di qualit\u00e0 eversivo\u201d"},"content":{"rendered":"<div>ROMA (ITALPRESS) &#8211; &#8220;Bisogna partire dal fatto che ci sono contemporaneamente due fenomeni. Da un lato c&#8217;\u00e8 il movimento reale, dove paure, teorie complottistiche e malessere sociale si mischiano e come sempre si confondono, caratterizzato da una certa spontaneit\u00e0 e dai meccanismi tipici della mobilitazione attraverso i social. Dall&#8217;altro, c&#8217;\u00e8 una parte che tenta di essere un&#8217;avanguardia di matrice pi\u00f9 tradizionalmente fascista, e che probabilmente \u00e8 totalmente indifferente alle questioni del green pass, ma che prova, come ha provato nel corso di questi anni con i forconi, con le rivolte contro i campi rom e i campi dei migranti, a cavalcare questa situazione&#8221;. Lo afferma il ministro del Lavoro Andrea Orlando, in un&#8217;intervista al Corriere della Sera, in merito alle manifestazioni di sabato 9 ottobre e all&#8217;assalto alla sede della Cgil a Roma.<br \/>\n&#8220;Cio\u00e8, prova a utilizzare questo movimento per scagliarlo contro le istituzioni democratiche &#8211; prosegue Orlando -. Si tratta di un movimento consistente che trascina ed esaspera paure reali, quindi questa strategia rappresenta un salto di qualit\u00e0 nell&#8217;ambizione eversiva della destra neofascista&#8221;.<br \/>\nPer Orlando &#8220;bisognerebbe applicare le norme che esistono: siamo andati oltre la dimensione del reducismo folkloristico. La nuova strategia eversiva merita una reazione di carattere diverso rispetto a quella un p\u00f2 accondiscendente che ha sottovalutato certi fenomeni apparentemente di reducismo grottesco. Adesso c&#8217;\u00e8 un disegno che \u00e8 oggettivamente e visibilmente pericoloso. Non escludo che oggi ci siano i presupposti per fare ci\u00f2 che non si \u00e8 fatto in passato, cio\u00e8, sciogliere quelle formazioni&#8221;.<br \/>\n(ITALPRESS).<\/div>\n<div id=\"div-gpt-ad-Messinaoggi.it-DSK-300x250-corpoart\" style=\"text-align:center;margin:0 auto;\"><\/div><\/p><div id=\"videoincontent\" style=\"clear:both\";><\/div>","protected":false},"excerpt":{"rendered":"<p>ROMA (ITALPRESS) &#8211; &#8220;Bisogna partire dal fatto che ci sono contemporaneamente due fenomeni. Da un lato c&#8217;\u00e8 il movimento reale, dove paure, teorie complottistiche e malessere sociale si mischiano e come sempre si confondono, caratterizzato da una certa spontaneit\u00e0 e dai meccanismi tipici della mobilitazione attraverso i social. Dall&#8217;altro, c&#8217;\u00e8 una parte che tenta di [&hellip;]<\/p>\n","protected":false},"author":18,"featured_media":83103,"comment_status":"closed","ping_status":"closed","sticky":false,"template":"","format":"standard","meta":{"ub_ctt_via":"","_mi_skip_tracking":false},"categories":[446,4],"tags":[783],"featured_image_src":"https:\/\/www.messinaoggi.it\/website\/wp-content\/uploads\/2021\/10\/20211011_0099-300x206-1.jpg","author_info":{"display_name":"Admin","author_link":"https:\/\/www.messinaoggi.it\/website\/author\/admin\/"},"digistream_id":0,"digistream":false,"_links":{"self":[{"href":"https:\/\/www.messinaoggi.it\/website\/wp-json\/wp\/v2\/posts\/83102"}],"collection":[{"href":"https:\/\/www.messinaoggi.it\/website\/wp-json\/wp\/v2\/posts"}],"about":[{"href":"https:\/\/www.messinaoggi.it\/website\/wp-json\/wp\/v2\/types\/post"}],"author":[{"embeddable":true,"href":"https:\/\/www.messinaoggi.it\/website\/wp-json\/wp\/v2\/users\/18"}],"replies":[{"embeddable":true,"href":"https:\/\/www.messinaoggi.it\/website\/wp-json\/wp\/v2\/comments?post=83102"}],"version-history":[{"count":1,"href":"https:\/\/www.messinaoggi.it\/website\/wp-json\/wp\/v2\/posts\/83102\/revisions"}],"predecessor-version":[{"id":83114,"href":"https:\/\/www.messinaoggi.it\/website\/wp-json\/wp\/v2\/posts\/83102\/revisions\/83114"}],"wp:featuredmedia":[{"embeddable":true,"href":"https:\/\/www.messinaoggi.it\/website\/wp-json\/wp\/v2\/media\/83103"}],"wp:attachment":[{"href":"https:\/\/www.messinaoggi.it\/website\/wp-json\/wp\/v2\/media?parent=83102"}],"wp:term":[{"taxonomy":"category","embeddable":true,"href":"https:\/\/www.messinaoggi.it\/website\/wp-json\/wp\/v2\/categories?post=83102"},{"taxonomy":"post_tag","embeddable":true,"href":"https:\/\/www.messinaoggi.it\/website\/wp-json\/wp\/v2\/tags?post=83102"}],"curies":[{"name":"wp","href":"https:\/\/api.w.org\/{rel}","templated":true}]}}