{"id":83070,"date":"2021-10-10T20:47:32","date_gmt":"2021-10-10T18:47:32","guid":{"rendered":"https:\/\/www.messinaoggi.it\/website\/2021\/10\/10\/equitazione-si-e-conclusa-la-36-edizione-della-coppa-degli-assi\/"},"modified":"2021-10-11T10:31:02","modified_gmt":"2021-10-11T08:31:02","slug":"equitazione-si-e-conclusa-la-36-edizione-della-coppa-degli-assi","status":"publish","type":"post","link":"https:\/\/www.messinaoggi.it\/website\/2021\/10\/10\/equitazione-si-e-conclusa-la-36-edizione-della-coppa-degli-assi\/","title":{"rendered":"Equitazione, si \u00e8 conclusa la 36^ edizione della Coppa degli Assi"},"content":{"rendered":"<div>\n<p>MILITELLO VAL DI CATANIA (CATANIA) (ITALPRESS) \u2013 Al termine delle tre giornate di gara si tirano le somme della 36^ edizione della Coppa degli Assi che, dopo dieci anni, ritorna in Sicilia in veste internazionale al Centro Equestre del Mediterraneo di Ambelia. Un evento voluto dalla Regione Siciliana.<br \/>L\u2019assessore allo Sport, Turismo e Spettacolo Manlio Messina, afferma di essere \u201cmolto orgoglioso di aver visto il ritorno di una competizione equestre internazionale nella mia Regione. Il Centro equestre del Mediterraneo di Ambelia \u00e8 nato per rappresentare un\u2019eccellenza sportiva all\u2019interno di un\u2019isola che \u00e8 gi\u00e0 la sintesi di numerose eccellenze del territorio, il mio augurio \u00e8 che questo evento rappresenti una forte attrattiva per cavalieri di tutto il mondo e per il loro indotto\u201d.<br \/>\u201cAmbelia \u00e8 un luogo che sta rinascendo portando con s\u00e8 la preservazione delle razze autoctone siciliane. Oggi dimostra che pu\u00f2 anche essere luogo di grandi eventi in grado di unire lo sport con la cultura, sempre nel segno dell\u2019amore per i cavalli\u201d commenta Caterina Grimaldi di Nixima, presidente dell\u2019Istituto di Incremento Ippico di Sicilia.<br \/>\u201cHo trovato un posto rinnovato in maniera egregia, la struttura negli ultimi due anni \u00e8 cresciuta esponenzialmente. Mi ha piacevolmente sorpreso anche la tenuta del campo che, dopo un\u2019ora di pioggia, in poco tempo era di nuovo asciutto e le gare hanno ripreso senza alcuna difficolt\u00e0. La collaborazione con Verona, la presenza della penultima tappa dell\u2019Italian Champions Tour e il continuo sviluppo del centro, ci fa capire che Ambelia \u00e8 votata a concorsi e competizioni di questo calibro\u201d. Descrive cos\u00ec la tre giorni di competizione Riccardo Boricchi, Show Director del Jumping Verona, unica tappa italiana della Coppa del Mondo di salto ostacoli, la cui 20^ edizione \u00e8 in programma a Fieracavalli Verona dal 4 al 7 novembre 2021.<br \/>(ITALPRESS).<div id=\"div-gpt-ad-Messinaoggi.it-DSK-300x250-corpoart\" style=\"text-align:center;margin:0 auto;\"><\/div><\/p>\n<\/div>\n<div id=\"videoincontent\" style=\"clear:both\";><\/div>","protected":false},"excerpt":{"rendered":"<p>MILITELLO VAL DI CATANIA (CATANIA) (ITALPRESS) \u2013 Al termine delle tre giornate di gara si tirano le somme della 36^ edizione della Coppa degli Assi che, dopo dieci anni, ritorna in Sicilia in veste internazionale al Centro Equestre del Mediterraneo di Ambelia. Un evento voluto dalla Regione Siciliana.L\u2019assessore allo Sport, Turismo e Spettacolo Manlio Messina, [&hellip;]<\/p>\n","protected":false},"author":18,"featured_media":83071,"comment_status":"closed","ping_status":"closed","sticky":false,"template":"","format":"standard","meta":{"ub_ctt_via":"","_mi_skip_tracking":false},"categories":[8,2449,9],"tags":[783],"featured_image_src":"https:\/\/www.messinaoggi.it\/website\/wp-content\/uploads\/2021\/10\/20211010_1722.jpg","author_info":{"display_name":"Admin","author_link":"https:\/\/www.messinaoggi.it\/website\/author\/admin\/"},"digistream_id":0,"digistream":false,"_links":{"self":[{"href":"https:\/\/www.messinaoggi.it\/website\/wp-json\/wp\/v2\/posts\/83070"}],"collection":[{"href":"https:\/\/www.messinaoggi.it\/website\/wp-json\/wp\/v2\/posts"}],"about":[{"href":"https:\/\/www.messinaoggi.it\/website\/wp-json\/wp\/v2\/types\/post"}],"author":[{"embeddable":true,"href":"https:\/\/www.messinaoggi.it\/website\/wp-json\/wp\/v2\/users\/18"}],"replies":[{"embeddable":true,"href":"https:\/\/www.messinaoggi.it\/website\/wp-json\/wp\/v2\/comments?post=83070"}],"version-history":[{"count":1,"href":"https:\/\/www.messinaoggi.it\/website\/wp-json\/wp\/v2\/posts\/83070\/revisions"}],"predecessor-version":[{"id":83115,"href":"https:\/\/www.messinaoggi.it\/website\/wp-json\/wp\/v2\/posts\/83070\/revisions\/83115"}],"wp:featuredmedia":[{"embeddable":true,"href":"https:\/\/www.messinaoggi.it\/website\/wp-json\/wp\/v2\/media\/83071"}],"wp:attachment":[{"href":"https:\/\/www.messinaoggi.it\/website\/wp-json\/wp\/v2\/media?parent=83070"}],"wp:term":[{"taxonomy":"category","embeddable":true,"href":"https:\/\/www.messinaoggi.it\/website\/wp-json\/wp\/v2\/categories?post=83070"},{"taxonomy":"post_tag","embeddable":true,"href":"https:\/\/www.messinaoggi.it\/website\/wp-json\/wp\/v2\/tags?post=83070"}],"curies":[{"name":"wp","href":"https:\/\/api.w.org\/{rel}","templated":true}]}}