{"id":82994,"date":"2021-10-09T12:07:36","date_gmt":"2021-10-09T10:07:36","guid":{"rendered":"https:\/\/www.messinaoggi.it\/website\/2021\/10\/09\/meloni-nostalgici-fascismo-non-ci-servono-utili-idioti-della-sinistra\/"},"modified":"2021-10-09T12:07:36","modified_gmt":"2021-10-09T10:07:36","slug":"meloni-nostalgici-fascismo-non-ci-servono-utili-idioti-della-sinistra","status":"publish","type":"post","link":"https:\/\/www.messinaoggi.it\/website\/2021\/10\/09\/meloni-nostalgici-fascismo-non-ci-servono-utili-idioti-della-sinistra\/","title":{"rendered":"Meloni \u201cNostalgici fascismo non ci servono, utili idioti della sinistra\u201d"},"content":{"rendered":"<div>ROMA (ITALPRESS) &#8211; &#8220;Nel Dna di Fratelli d&#8217;Italia non ci sono nostalgie fasciste, razziste, antisemite. Non c&#8217;\u00e8 posto per nulla di tutto questo. Nel nostro Dna c&#8217;\u00e8 il rifiuto per ogni regime, passato, presente e futuro. E non c&#8217;\u00e8 niente nella mia vita, come nella storia della destra che rappresento, di cui mi debba vergognare o per cui debba chiedere scusa. Tantomeno a chi i conti con il proprio passato, a differenza di noi, non li ha mai fatti e non ha la dignit\u00e0 per darmi lezioni&#8221;. Cos\u00ec, in un&#8217;intervista al Corriere della Sera, la leader di FdI Giorgia Meloni, sottolineando che &#8220;i nostalgici del fascismo non ci servono: sono solo utili idioti della sinistra, che li usa per mobilitare il proprio elettorato&#8221;. Alla domanda se ci sia ancora un a certa ambiguit\u00e0 nel partito, Meloni replica: &#8220;Insisto, qual \u00e8 esattamente la domanda? Se ripristinerei un regime? No, ovviamente, e segnalo che chi ci accusa di questo dice, contestualmente, che Draghi fa bene a fregarsene del Parlamento. Pensate che potrei scrivere leggi razziali? La pagina pi\u00f9 brutta dell&#8217;umanit\u00e0, quindi decisamente no. Ma la verit\u00e0 \u00e8 che quando parla di fascismo, la sinistra intende tutto e il suo contrario, dal rischio di regime a chi manifesta contro il green pass. In pratica, sei fascista semplicemente perch\u00e8 non sei uno di loro. Troppo comodo&#8221;. Su Quanto peser\u00e0 questa vicenda negli equilibri del centrodestra, Meloni chiosa: &#8220;Penso zero. La sinistra ora dice che serve un federatore come Berlusconi, ma quando era fortissimo lo chiamava mafioso. Salvini era un sequestratore di immigrati, io oggi sono dipinta come una pericolosa fascista. Di volta in volta si colpisce sempre chi sembra pi\u00f9 forte, magari usando chi \u00e8 pi\u00f9 debole in quel momento. E&#8217; un gioco troppo scoperto. Non ci caschiamo&#8221;.<br \/>(ITALPRESS).<\/div>\n<div id=\"div-gpt-ad-Messinaoggi.it-DSK-300x250-corpoart\" style=\"text-align:center;margin:0 auto;\"><\/div><\/p><div id=\"videoincontent\" style=\"clear:both\";><\/div>","protected":false},"excerpt":{"rendered":"<p>ROMA (ITALPRESS) &#8211; &#8220;Nel Dna di Fratelli d&#8217;Italia non ci sono nostalgie fasciste, razziste, antisemite. Non c&#8217;\u00e8 posto per nulla di tutto questo. Nel nostro Dna c&#8217;\u00e8 il rifiuto per ogni regime, passato, presente e futuro. E non c&#8217;\u00e8 niente nella mia vita, come nella storia della destra che rappresento, di cui mi debba vergognare [&hellip;]<\/p>\n","protected":false},"author":18,"featured_media":82995,"comment_status":"closed","ping_status":"closed","sticky":false,"template":"","format":"standard","meta":{"ub_ctt_via":"","_mi_skip_tracking":false},"categories":[446],"tags":[783],"featured_image_src":"https:\/\/www.messinaoggi.it\/website\/wp-content\/uploads\/2021\/10\/20211009_0670.jpg","author_info":{"display_name":"Admin","author_link":"https:\/\/www.messinaoggi.it\/website\/author\/admin\/"},"digistream_id":0,"digistream":false,"_links":{"self":[{"href":"https:\/\/www.messinaoggi.it\/website\/wp-json\/wp\/v2\/posts\/82994"}],"collection":[{"href":"https:\/\/www.messinaoggi.it\/website\/wp-json\/wp\/v2\/posts"}],"about":[{"href":"https:\/\/www.messinaoggi.it\/website\/wp-json\/wp\/v2\/types\/post"}],"author":[{"embeddable":true,"href":"https:\/\/www.messinaoggi.it\/website\/wp-json\/wp\/v2\/users\/18"}],"replies":[{"embeddable":true,"href":"https:\/\/www.messinaoggi.it\/website\/wp-json\/wp\/v2\/comments?post=82994"}],"version-history":[{"count":0,"href":"https:\/\/www.messinaoggi.it\/website\/wp-json\/wp\/v2\/posts\/82994\/revisions"}],"wp:featuredmedia":[{"embeddable":true,"href":"https:\/\/www.messinaoggi.it\/website\/wp-json\/wp\/v2\/media\/82995"}],"wp:attachment":[{"href":"https:\/\/www.messinaoggi.it\/website\/wp-json\/wp\/v2\/media?parent=82994"}],"wp:term":[{"taxonomy":"category","embeddable":true,"href":"https:\/\/www.messinaoggi.it\/website\/wp-json\/wp\/v2\/categories?post=82994"},{"taxonomy":"post_tag","embeddable":true,"href":"https:\/\/www.messinaoggi.it\/website\/wp-json\/wp\/v2\/tags?post=82994"}],"curies":[{"name":"wp","href":"https:\/\/api.w.org\/{rel}","templated":true}]}}