{"id":82992,"date":"2021-10-09T12:07:34","date_gmt":"2021-10-09T10:07:34","guid":{"rendered":"https:\/\/www.messinaoggi.it\/website\/2021\/10\/09\/papa-francesco-sinodo-proficuo-se-espressione-dellessere-chiesa\/"},"modified":"2021-10-09T12:07:34","modified_gmt":"2021-10-09T10:07:34","slug":"papa-francesco-sinodo-proficuo-se-espressione-dellessere-chiesa","status":"publish","type":"post","link":"https:\/\/www.messinaoggi.it\/website\/2021\/10\/09\/papa-francesco-sinodo-proficuo-se-espressione-dellessere-chiesa\/","title":{"rendered":"Papa Francesco \u201cSinodo proficuo se espressione dell\u2019essere Chiesa\u201d"},"content":{"rendered":"<div>ROMA (ITALPRESS) &#8211; Comunione, partecipazione, missione. Papa Francesco ha posto l&#8217;accento sulle tre parole chiave nel suo discorso rivolto ai presenti al Vaticano per l&#8217;inizio del Percorso Sinodale. &#8220;Comunione e missione sono espressioni teologiche che designano il mistero della Chiesa e di cui \u00e8 bene fare memoria. Il Concilio Vaticano II ha chiarito che la comunione esprime la natura stessa della Chiesa e, allo stesso tempo, ha affermato che la Chiesa ha ricevuto la missione di annunziare e instaurare in tutte le genti il regno di Cristo e di Dio, e di questo regno costituisce in terra il germe e l&#8217;inizio &#8211; sottolinea il Santo Padre &#8211; Vorrei dire che celebrare un Sinodo \u00e8 sempre bello e importante, ma \u00e8 veramente proficuo se diventa espressione viva dell&#8217;essere Chiesa, di un agire caratterizzato da una partecipazione vera. E questo non per esigenze di stile, ma di fede&#8221;. Il Sinodo, per\u00f2, non \u00e8 esente da rischi: &#8220;Ne cito tre &#8211; prosegue il Papa &#8211; Il primo \u00e8 quello del formalismo. Si pu\u00f2 ridurre un Sinodo a un evento straordinario, ma di facciata, proprio come se si restasse a guardare una bella facciata di una chiesa senza mai mettervi piede dentro. Un secondo rischio \u00e8 quello dell&#8217;intellettualismo. far diventare il Sinodo una specie di gruppo di studio, con interventi colti ma astratti sui problemi della Chiesa e sui mali del mondo; una sorta di &#8216;parlarci addoss\u00f2, dove si procede in modo superficiale e mondano&#8221;. E infine &#8220;ci pu\u00f2 essere la tentazione dell&#8217;immobilismo: siccome &#8216;si \u00e8 sempre fatto cos\u00ec&#8217;, questa parola \u00e8 un veleno nella vita della Chiesa&#8221;. L&#8217;appello \u00e8 quindi quello di viverla come un&#8217;occasione verso una Chiesa che sia &#8220;sinodale, dell&#8217;ascolto e della vicinanza. Non dimentichiamo lo stile di Dio che ci deve aiutare: vicinanza, compassione e tenerezza&#8221;, ha concluso.<br \/>(ITALPRESS).<\/div>\n<div id=\"div-gpt-ad-Messinaoggi.it-DSK-300x250-corpoart\" style=\"text-align:center;margin:0 auto;\"><\/div><\/p><div id=\"videoincontent\" style=\"clear:both\";><\/div>","protected":false},"excerpt":{"rendered":"<p>ROMA (ITALPRESS) &#8211; Comunione, partecipazione, missione. Papa Francesco ha posto l&#8217;accento sulle tre parole chiave nel suo discorso rivolto ai presenti al Vaticano per l&#8217;inizio del Percorso Sinodale. &#8220;Comunione e missione sono espressioni teologiche che designano il mistero della Chiesa e di cui \u00e8 bene fare memoria. Il Concilio Vaticano II ha chiarito che la [&hellip;]<\/p>\n","protected":false},"author":18,"featured_media":82993,"comment_status":"closed","ping_status":"closed","sticky":false,"template":"","format":"standard","meta":{"ub_ctt_via":"","_mi_skip_tracking":false},"categories":[446],"tags":[783],"featured_image_src":"https:\/\/www.messinaoggi.it\/website\/wp-content\/uploads\/2021\/10\/20211009_0474.jpg","author_info":{"display_name":"Admin","author_link":"https:\/\/www.messinaoggi.it\/website\/author\/admin\/"},"digistream_id":0,"digistream":false,"_links":{"self":[{"href":"https:\/\/www.messinaoggi.it\/website\/wp-json\/wp\/v2\/posts\/82992"}],"collection":[{"href":"https:\/\/www.messinaoggi.it\/website\/wp-json\/wp\/v2\/posts"}],"about":[{"href":"https:\/\/www.messinaoggi.it\/website\/wp-json\/wp\/v2\/types\/post"}],"author":[{"embeddable":true,"href":"https:\/\/www.messinaoggi.it\/website\/wp-json\/wp\/v2\/users\/18"}],"replies":[{"embeddable":true,"href":"https:\/\/www.messinaoggi.it\/website\/wp-json\/wp\/v2\/comments?post=82992"}],"version-history":[{"count":0,"href":"https:\/\/www.messinaoggi.it\/website\/wp-json\/wp\/v2\/posts\/82992\/revisions"}],"wp:featuredmedia":[{"embeddable":true,"href":"https:\/\/www.messinaoggi.it\/website\/wp-json\/wp\/v2\/media\/82993"}],"wp:attachment":[{"href":"https:\/\/www.messinaoggi.it\/website\/wp-json\/wp\/v2\/media?parent=82992"}],"wp:term":[{"taxonomy":"category","embeddable":true,"href":"https:\/\/www.messinaoggi.it\/website\/wp-json\/wp\/v2\/categories?post=82992"},{"taxonomy":"post_tag","embeddable":true,"href":"https:\/\/www.messinaoggi.it\/website\/wp-json\/wp\/v2\/tags?post=82992"}],"curies":[{"name":"wp","href":"https:\/\/api.w.org\/{rel}","templated":true}]}}