{"id":82990,"date":"2021-10-09T11:07:37","date_gmt":"2021-10-09T09:07:37","guid":{"rendered":"https:\/\/www.messinaoggi.it\/website\/2021\/10\/09\/rabiot-positivo-salta-la-finale-di-nations-league\/"},"modified":"2021-10-09T11:07:37","modified_gmt":"2021-10-09T09:07:37","slug":"rabiot-positivo-salta-la-finale-di-nations-league","status":"publish","type":"post","link":"https:\/\/www.messinaoggi.it\/website\/2021\/10\/09\/rabiot-positivo-salta-la-finale-di-nations-league\/","title":{"rendered":"Rabiot positivo, salta la finale di Nations League"},"content":{"rendered":"<div>MILANO (ITALPRESS) &#8211; Adrien Rabiot non disputer\u00e0 la finale della Uefa Nations League in programma domani sera a San Siro contro la Spagna. La Federcalcio francese, infatti, ha annunciato che il centrocampista della Juventus \u00e8 risultato positivo al Covid-19 ed \u00e8 stato posto immediatamente in isolamento. La FFF aggiunge che il giocatore non potr\u00e0 essere sostituito dal commissario tecnico Didier Deschamps che, dunque, potr\u00e0 contare su 21 giocatori, dopo l&#8217;infortunio di Lucas Digne. <br \/>(ITALPRESS).<\/div>\n<div id=\"div-gpt-ad-Messinaoggi.it-DSK-300x250-corpoart\" style=\"text-align:center;margin:0 auto;\"><\/div><\/p><div id=\"videoincontent\" style=\"clear:both\";><\/div>","protected":false},"excerpt":{"rendered":"<p>MILANO (ITALPRESS) &#8211; Adrien Rabiot non disputer\u00e0 la finale della Uefa Nations League in programma domani sera a San Siro contro la Spagna. La Federcalcio francese, infatti, ha annunciato che il centrocampista della Juventus \u00e8 risultato positivo al Covid-19 ed \u00e8 stato posto immediatamente in isolamento. La FFF aggiunge che il giocatore non potr\u00e0 essere [&hellip;]<\/p>\n","protected":false},"author":18,"featured_media":82991,"comment_status":"closed","ping_status":"closed","sticky":false,"template":"","format":"standard","meta":{"ub_ctt_via":"","_mi_skip_tracking":false},"categories":[446],"tags":[783],"featured_image_src":"https:\/\/www.messinaoggi.it\/website\/wp-content\/uploads\/2021\/10\/20211009_0360.jpg","author_info":{"display_name":"Admin","author_link":"https:\/\/www.messinaoggi.it\/website\/author\/admin\/"},"digistream_id":0,"digistream":false,"_links":{"self":[{"href":"https:\/\/www.messinaoggi.it\/website\/wp-json\/wp\/v2\/posts\/82990"}],"collection":[{"href":"https:\/\/www.messinaoggi.it\/website\/wp-json\/wp\/v2\/posts"}],"about":[{"href":"https:\/\/www.messinaoggi.it\/website\/wp-json\/wp\/v2\/types\/post"}],"author":[{"embeddable":true,"href":"https:\/\/www.messinaoggi.it\/website\/wp-json\/wp\/v2\/users\/18"}],"replies":[{"embeddable":true,"href":"https:\/\/www.messinaoggi.it\/website\/wp-json\/wp\/v2\/comments?post=82990"}],"version-history":[{"count":0,"href":"https:\/\/www.messinaoggi.it\/website\/wp-json\/wp\/v2\/posts\/82990\/revisions"}],"wp:featuredmedia":[{"embeddable":true,"href":"https:\/\/www.messinaoggi.it\/website\/wp-json\/wp\/v2\/media\/82991"}],"wp:attachment":[{"href":"https:\/\/www.messinaoggi.it\/website\/wp-json\/wp\/v2\/media?parent=82990"}],"wp:term":[{"taxonomy":"category","embeddable":true,"href":"https:\/\/www.messinaoggi.it\/website\/wp-json\/wp\/v2\/categories?post=82990"},{"taxonomy":"post_tag","embeddable":true,"href":"https:\/\/www.messinaoggi.it\/website\/wp-json\/wp\/v2\/tags?post=82990"}],"curies":[{"name":"wp","href":"https:\/\/api.w.org\/{rel}","templated":true}]}}