{"id":82932,"date":"2021-10-08T18:02:33","date_gmt":"2021-10-08T16:02:33","guid":{"rendered":"https:\/\/www.messinaoggi.it\/website\/2021\/10\/08\/vaccino-al-via-a-palermo-terze-dosi-per-il-personale-sanitario\/"},"modified":"2021-10-08T18:02:33","modified_gmt":"2021-10-08T16:02:33","slug":"vaccino-al-via-a-palermo-terze-dosi-per-il-personale-sanitario","status":"publish","type":"post","link":"https:\/\/www.messinaoggi.it\/website\/2021\/10\/08\/vaccino-al-via-a-palermo-terze-dosi-per-il-personale-sanitario\/","title":{"rendered":"Vaccino, al via a Palermo terze dosi per il personale sanitario"},"content":{"rendered":"<div>\n<p>PALERMO (ITALPRESS) \u2013 Ha preso il via oggi pomeriggio alla Fiera del Mediterraneo di Palermo la somministrazione delle terze dosi di vaccino contro il Covid-19 al personale sanitario. Da oggi parte dunque l\u2019ampliamento della platea per la campagna di inoculazione delle dosi \u201cbooster\u201d, vale a dire l\u2019iniezione di richiamo praticata ad almeno sei mesi di distanza dalla precedente per garantire una pi\u00f9 alta protezione e rafforzare l\u2019immunit\u00e0 in soggetti che hanno gi\u00e0 completato il ciclo vaccinale da tempo. Le prime \u201cterze dosi\u201d del vaccino sono state somministrate a medici e infermieri impegnati in prima linea nella lotta alla pandemia, i pi\u00f9 esposti nel corso di quest\u2019anno e mezzo e tra i primi a essersi vaccinati nell\u2019ormai lontano gennaio. <br \/>A sottoporsi alla dose booster del siero una parte del personale sanitario che lavora proprio nell\u2019hub provinciale della Fiera in cui ogni giorno si effettuano tamponi e vaccini, un campione non rappresentativo e assolutamente simbolico, come ha sottolineato il commissario all\u2019emergenza coronavirus della Citt\u00e0 metropolitana di Palermo, Renato Costa: \u201cI medici che sono qua oggi sono quelli con cui giornalmente abbiamo avuto scambi di opinioni e di strategie. Non sono rappresentativi di nulla o  inviti esclusivi, mi sembrava semplicemente giusto fare un ricordo di questo ultimo anno trascorso assieme a loro \u2013 ha precisato -. E soprattutto oggi c\u2019\u00e8 l\u2019aspetto della vaccinazione con terza dose, la Regione recependo le indicazioni di Figliuolo ha dato dei criteri per vaccinare il personale sanitario, seguendo delle priorit\u00e0 all\u2019interno delle varie categorie e noi stiamo seguendo le direttive. L\u2019evento di oggi \u00e8 organizzato per il piacere di stare assieme con i colleghi con cui si \u00e8 condiviso oltre un anno. E\u2019 un momento di riflessione\u201d. <br \/>Si tratta di un nuovo appuntamento nell\u2019ambito della cronotabella per la campagna di vaccinazione da parte della struttura commissariale del capoluogo e Costa ha voluto sottolineare il forte valore in termini di attenzione nei confronti del personale medico con la somministrazione terze dosi: \u201cOgni giorno con questi medici abbiamo condiviso sofferenze e preoccupazioni, esserci ritrovati qui in un momento che sembra di maggior tranquillit\u00e0 ci fa piacere. Accedere alla terza dose per i medici \u00e8 sintomo di una meritata attenzione in pi\u00f9 che viene data, perch\u00e8 abbiamo pagato un prezzo alto e continuiamo a pagarlo \u2013 ha ricordato \u2013 Questa terza dose non completa il ciclo vaccinale, \u00e8 una dose aggiuntiva per rafforzare l\u2019immunit\u00e0 che col tempo tende a diminuire: c\u2019\u00e8 la necessit\u00e0 di rinforzare la risposta immunitaria, con tutti i giusti criteri e le priorit\u00e0. E\u2019 una cosa assolutamente necessaria con la quale ci dovremo abituare \u2013 ha concluso \u2013 come il vaccino annuale per l\u2019influenza\u201d.<br \/>(ITALPRESS).<div id=\"div-gpt-ad-Messinaoggi.it-DSK-300x250-corpoart\" style=\"text-align:center;margin:0 auto;\"><\/div><\/p>\n<\/div>\n<div id=\"videoincontent\" style=\"clear:both\";><\/div>","protected":false},"excerpt":{"rendered":"<p>PALERMO (ITALPRESS) \u2013 Ha preso il via oggi pomeriggio alla Fiera del Mediterraneo di Palermo la somministrazione delle terze dosi di vaccino contro il Covid-19 al personale sanitario. Da oggi parte dunque l\u2019ampliamento della platea per la campagna di inoculazione delle dosi \u201cbooster\u201d, vale a dire l\u2019iniezione di richiamo praticata ad almeno sei mesi di [&hellip;]<\/p>\n","protected":false},"author":18,"featured_media":82933,"comment_status":"closed","ping_status":"closed","sticky":false,"template":"","format":"standard","meta":{"ub_ctt_via":"","_mi_skip_tracking":false},"categories":[2449],"tags":[783],"featured_image_src":"https:\/\/www.messinaoggi.it\/website\/wp-content\/uploads\/2021\/10\/20211008_2028.jpg","author_info":{"display_name":"Admin","author_link":"https:\/\/www.messinaoggi.it\/website\/author\/admin\/"},"digistream_id":0,"digistream":false,"_links":{"self":[{"href":"https:\/\/www.messinaoggi.it\/website\/wp-json\/wp\/v2\/posts\/82932"}],"collection":[{"href":"https:\/\/www.messinaoggi.it\/website\/wp-json\/wp\/v2\/posts"}],"about":[{"href":"https:\/\/www.messinaoggi.it\/website\/wp-json\/wp\/v2\/types\/post"}],"author":[{"embeddable":true,"href":"https:\/\/www.messinaoggi.it\/website\/wp-json\/wp\/v2\/users\/18"}],"replies":[{"embeddable":true,"href":"https:\/\/www.messinaoggi.it\/website\/wp-json\/wp\/v2\/comments?post=82932"}],"version-history":[{"count":0,"href":"https:\/\/www.messinaoggi.it\/website\/wp-json\/wp\/v2\/posts\/82932\/revisions"}],"wp:featuredmedia":[{"embeddable":true,"href":"https:\/\/www.messinaoggi.it\/website\/wp-json\/wp\/v2\/media\/82933"}],"wp:attachment":[{"href":"https:\/\/www.messinaoggi.it\/website\/wp-json\/wp\/v2\/media?parent=82932"}],"wp:term":[{"taxonomy":"category","embeddable":true,"href":"https:\/\/www.messinaoggi.it\/website\/wp-json\/wp\/v2\/categories?post=82932"},{"taxonomy":"post_tag","embeddable":true,"href":"https:\/\/www.messinaoggi.it\/website\/wp-json\/wp\/v2\/tags?post=82932"}],"curies":[{"name":"wp","href":"https:\/\/api.w.org\/{rel}","templated":true}]}}