{"id":82922,"date":"2021-10-08T16:07:34","date_gmt":"2021-10-08T14:07:34","guid":{"rendered":"https:\/\/www.messinaoggi.it\/website\/2021\/10\/08\/hamilton-domina-le-libere-in-turchia-ma-leclerc-e-vicino\/"},"modified":"2021-10-08T16:07:34","modified_gmt":"2021-10-08T14:07:34","slug":"hamilton-domina-le-libere-in-turchia-ma-leclerc-e-vicino","status":"publish","type":"post","link":"https:\/\/www.messinaoggi.it\/website\/2021\/10\/08\/hamilton-domina-le-libere-in-turchia-ma-leclerc-e-vicino\/","title":{"rendered":"Hamilton domina le libere in Turchia ma Leclerc \u00e8 vicino"},"content":{"rendered":"<div>ISTANBUL (TURCHIA) (ITALPRESS) &#8211; Lewis Hamilton \u00e8 il protagonista del venerd\u00ec di libere in Turchia. Dopo la conferma in mattinata della sostituzione del motore endotermico che gli coster\u00e0 dieci posizioni di penalit\u00e0 sulla griglia di partenza di domenica, il pilota anglo-caraibico della Mercedes, leader del Mondiale con due punti di vantaggio su Max Verstappen, fa segnare il miglior tempo in entrambe le sessioni. Al mattino ferma il cronometro a 1&#8217;24&#8243;178, rifilando 425 millesimi a Max Verstappen, mentre qualche ora pi\u00f9 tardi scende a 1&#8217;23&#8243;804. Al pomeriggio, per\u00f2, il vantaggio sul primo inseguitore \u00e8 in calo perch\u00e8 a firmare il secondo tempo \u00e8 Charles Leclerc: il monegasco della Ferrari, gi\u00e0 protagonista nella prima sessione col terzo crono, \u00e8 pi\u00f9 lento di appena 166 millesimi e si mette davanti all&#8217;altra Mercedes di Valtteri Bottas e alle due Red Bull di Sergio Perez e Max Verstappen. L&#8217;olandese accusa oltre sei decimi di ritardo da Hamilton ed \u00e8 sembrato un p\u00f2 deluso dalle prestazioni della sua Red Bull, lamentando una resa e un bilanciamento non ottimale. Tornando alla Ferrari, Carlos Sainz &#8211; che domenica scatter\u00e0 dal fondo della griglia ma con una power unit tutta nuova &#8211; dopo una mattinata chiusa al quinto posto, nella seconda sessione \u00e8 finito 12esimo, con pi\u00f9 di un secondo di ritardo da Hamilton. Il grosso punto interrogativo resta per\u00f2 la pioggia, che potrebbe essere protagonista domani per le qualifiche ufficiali. <br \/>(ITALPRESS).<\/div>\n<div id=\"div-gpt-ad-Messinaoggi.it-DSK-300x250-corpoart\" style=\"text-align:center;margin:0 auto;\"><\/div><\/p><div id=\"videoincontent\" style=\"clear:both\";><\/div>","protected":false},"excerpt":{"rendered":"<p>ISTANBUL (TURCHIA) (ITALPRESS) &#8211; Lewis Hamilton \u00e8 il protagonista del venerd\u00ec di libere in Turchia. Dopo la conferma in mattinata della sostituzione del motore endotermico che gli coster\u00e0 dieci posizioni di penalit\u00e0 sulla griglia di partenza di domenica, il pilota anglo-caraibico della Mercedes, leader del Mondiale con due punti di vantaggio su Max Verstappen, fa [&hellip;]<\/p>\n","protected":false},"author":18,"featured_media":82923,"comment_status":"closed","ping_status":"closed","sticky":false,"template":"","format":"standard","meta":{"ub_ctt_via":"","_mi_skip_tracking":false},"categories":[446],"tags":[783],"featured_image_src":"https:\/\/www.messinaoggi.it\/website\/wp-content\/uploads\/2021\/10\/20211008_1419.jpg","author_info":{"display_name":"Admin","author_link":"https:\/\/www.messinaoggi.it\/website\/author\/admin\/"},"digistream_id":0,"digistream":false,"_links":{"self":[{"href":"https:\/\/www.messinaoggi.it\/website\/wp-json\/wp\/v2\/posts\/82922"}],"collection":[{"href":"https:\/\/www.messinaoggi.it\/website\/wp-json\/wp\/v2\/posts"}],"about":[{"href":"https:\/\/www.messinaoggi.it\/website\/wp-json\/wp\/v2\/types\/post"}],"author":[{"embeddable":true,"href":"https:\/\/www.messinaoggi.it\/website\/wp-json\/wp\/v2\/users\/18"}],"replies":[{"embeddable":true,"href":"https:\/\/www.messinaoggi.it\/website\/wp-json\/wp\/v2\/comments?post=82922"}],"version-history":[{"count":0,"href":"https:\/\/www.messinaoggi.it\/website\/wp-json\/wp\/v2\/posts\/82922\/revisions"}],"wp:featuredmedia":[{"embeddable":true,"href":"https:\/\/www.messinaoggi.it\/website\/wp-json\/wp\/v2\/media\/82923"}],"wp:attachment":[{"href":"https:\/\/www.messinaoggi.it\/website\/wp-json\/wp\/v2\/media?parent=82922"}],"wp:term":[{"taxonomy":"category","embeddable":true,"href":"https:\/\/www.messinaoggi.it\/website\/wp-json\/wp\/v2\/categories?post=82922"},{"taxonomy":"post_tag","embeddable":true,"href":"https:\/\/www.messinaoggi.it\/website\/wp-json\/wp\/v2\/tags?post=82922"}],"curies":[{"name":"wp","href":"https:\/\/api.w.org\/{rel}","templated":true}]}}