{"id":82920,"date":"2021-10-08T16:07:32","date_gmt":"2021-10-08T14:07:32","guid":{"rendered":"https:\/\/www.messinaoggi.it\/website\/2021\/10\/08\/ue-lagarde-entro-fine-2021-ritorno-pil-a-livello-pre-crisi\/"},"modified":"2021-10-08T16:07:32","modified_gmt":"2021-10-08T14:07:32","slug":"ue-lagarde-entro-fine-2021-ritorno-pil-a-livello-pre-crisi","status":"publish","type":"post","link":"https:\/\/www.messinaoggi.it\/website\/2021\/10\/08\/ue-lagarde-entro-fine-2021-ritorno-pil-a-livello-pre-crisi\/","title":{"rendered":"Ue, Lagarde \u201cEntro fine 2021 ritorno Pil a livello pre-crisi\u201d"},"content":{"rendered":"<div>ROMA (ITALPRESS) &#8211; &#8220;Questa pandemia non \u00e8 stata come quelle affrontate in passato, ci siamo trovati di fronte una crisi diversa, che ha richiesto risposte e politiche diverse.  Il crollo, in tutti i settori, \u00e8 stato pesante ma \u00e8 stato affrontato con importanti politiche fiscali e monetarie che ci consentono, oggi, di avere una ripresa. L&#8217;aspettativa \u00e8 quella di un ritorno del Pil europeo, entro fine 2021, a livelli pre-crisi&#8221;.<br \/>Lo ha detto Christine Lagarde, presidente della Bce, intervenendo all&#8217;ultima giornata del summit B20. Tutto questo \u00e8 stato possibile anche &#8220;grazie alla campagna di vaccinazione&#8221;, ha sottolineato Lagrade mettendo per\u00f2 in guardia: &#8220;Dobbiamo ancora gestire l&#8217;uscita dalla pandemia, c&#8217;\u00e8 il pericolo di frizioni che potrebbero ostacolare la crescita&#8221;. Quindi, il numero uno dell&#8217;Eurotower guarda alle opportunit\u00e0 che il post pandemia pu\u00f2 offrire all&#8217;Europa, a partire dal processo di digitalizzazione e dalla transizione green. &#8220;La ripresa post pandemia deve essere verde e digitale, si devono mettere in atto processi che consentano all&#8217;economia di adattarsi ai cambiamenti strutturali che inevitabilmente ci saranno&#8221;. <br \/>(ITALPRESS).<\/div>\n<div id=\"div-gpt-ad-Messinaoggi.it-DSK-300x250-corpoart\" style=\"text-align:center;margin:0 auto;\"><\/div><\/p><div id=\"videoincontent\" style=\"clear:both\";><\/div>","protected":false},"excerpt":{"rendered":"<p>ROMA (ITALPRESS) &#8211; &#8220;Questa pandemia non \u00e8 stata come quelle affrontate in passato, ci siamo trovati di fronte una crisi diversa, che ha richiesto risposte e politiche diverse. Il crollo, in tutti i settori, \u00e8 stato pesante ma \u00e8 stato affrontato con importanti politiche fiscali e monetarie che ci consentono, oggi, di avere una ripresa. [&hellip;]<\/p>\n","protected":false},"author":18,"featured_media":82921,"comment_status":"closed","ping_status":"closed","sticky":false,"template":"","format":"standard","meta":{"ub_ctt_via":"","_mi_skip_tracking":false},"categories":[446],"tags":[783],"featured_image_src":"https:\/\/www.messinaoggi.it\/website\/wp-content\/uploads\/2021\/10\/20211008_1213.jpg","author_info":{"display_name":"Admin","author_link":"https:\/\/www.messinaoggi.it\/website\/author\/admin\/"},"digistream_id":0,"digistream":false,"_links":{"self":[{"href":"https:\/\/www.messinaoggi.it\/website\/wp-json\/wp\/v2\/posts\/82920"}],"collection":[{"href":"https:\/\/www.messinaoggi.it\/website\/wp-json\/wp\/v2\/posts"}],"about":[{"href":"https:\/\/www.messinaoggi.it\/website\/wp-json\/wp\/v2\/types\/post"}],"author":[{"embeddable":true,"href":"https:\/\/www.messinaoggi.it\/website\/wp-json\/wp\/v2\/users\/18"}],"replies":[{"embeddable":true,"href":"https:\/\/www.messinaoggi.it\/website\/wp-json\/wp\/v2\/comments?post=82920"}],"version-history":[{"count":0,"href":"https:\/\/www.messinaoggi.it\/website\/wp-json\/wp\/v2\/posts\/82920\/revisions"}],"wp:featuredmedia":[{"embeddable":true,"href":"https:\/\/www.messinaoggi.it\/website\/wp-json\/wp\/v2\/media\/82921"}],"wp:attachment":[{"href":"https:\/\/www.messinaoggi.it\/website\/wp-json\/wp\/v2\/media?parent=82920"}],"wp:term":[{"taxonomy":"category","embeddable":true,"href":"https:\/\/www.messinaoggi.it\/website\/wp-json\/wp\/v2\/categories?post=82920"},{"taxonomy":"post_tag","embeddable":true,"href":"https:\/\/www.messinaoggi.it\/website\/wp-json\/wp\/v2\/tags?post=82920"}],"curies":[{"name":"wp","href":"https:\/\/api.w.org\/{rel}","templated":true}]}}