{"id":82869,"date":"2021-10-08T11:07:33","date_gmt":"2021-10-08T09:07:33","guid":{"rendered":"https:\/\/www.messinaoggi.it\/website\/2021\/10\/08\/mattarella-europa-ed-africa-devono-interrogarsi-su-loro-ruolo-futuro\/"},"modified":"2021-10-08T11:07:33","modified_gmt":"2021-10-08T09:07:33","slug":"mattarella-europa-ed-africa-devono-interrogarsi-su-loro-ruolo-futuro","status":"publish","type":"post","link":"https:\/\/www.messinaoggi.it\/website\/2021\/10\/08\/mattarella-europa-ed-africa-devono-interrogarsi-su-loro-ruolo-futuro\/","title":{"rendered":"Mattarella \u201cEuropa ed Africa devono interrogarsi su loro ruolo futuro\u201d"},"content":{"rendered":"<div>ROMA (ITALPRESS) &#8211; &#8220;Sono passati tre anni dall&#8217;ultimo incontro, il contesto in cui ci si riunisce oggi \u00e8 profondamente mutato, segnato dalla cesura dell&#8217;emergenza sanitaria che si \u00e8 abbattuta sul pianeta e che si \u00e8 sovrapposta a crescenti tensioni a livello mondiale, segnale di un riassetto geopolitico, il baricentro politico ed economico sembra spostarsi dall&#8217;Atlantico al Pacifico ed Europa e Africa devono interrogarsi sul proprio futuro e sul ruolo che sono chiamate a svolgere&#8221;. Cos\u00ec il Presidente della Repubblica Sergio Mattarella in apertura dell&#8217;evento &#8220;Incontri con l&#8217;Africa&#8221;, terza edizione della Conferenza Ministeriale Italia &#8211; Africa che ha riunito a Roma le delegazioni dei 54 Paesi africani, i rappresentanti dell&#8217;Unione Africana e delle altre principali Organizzazioni Regionali africane, oltre a una serie di personalit\u00e0 istituzionali italiane, nonch\u00e8 rappresentanti del mondo economico, imprenditoriale, accademico e del terzo settore. Quest&#8217;anno, l&#8217;appuntamento si inserisce nel quadro della Presidenza italiana del G20 e si incentra sui suoi tre pilastri, &#8220;People, Planet, Prosperity&#8221;, collegandosi anche al partenariato con il Regno Unito per la COP26.<br \/>\n(ITALPRESS).<\/div>\n<div id=\"div-gpt-ad-Messinaoggi.it-DSK-300x250-corpoart\" style=\"text-align:center;margin:0 auto;\"><\/div><\/p><div id=\"videoincontent\" style=\"clear:both\";><\/div>","protected":false},"excerpt":{"rendered":"<p>ROMA (ITALPRESS) &#8211; &#8220;Sono passati tre anni dall&#8217;ultimo incontro, il contesto in cui ci si riunisce oggi \u00e8 profondamente mutato, segnato dalla cesura dell&#8217;emergenza sanitaria che si \u00e8 abbattuta sul pianeta e che si \u00e8 sovrapposta a crescenti tensioni a livello mondiale, segnale di un riassetto geopolitico, il baricentro politico ed economico sembra spostarsi dall&#8217;Atlantico [&hellip;]<\/p>\n","protected":false},"author":18,"featured_media":82870,"comment_status":"closed","ping_status":"closed","sticky":false,"template":"","format":"standard","meta":{"ub_ctt_via":"","_mi_skip_tracking":false},"categories":[446],"tags":[783],"featured_image_src":"https:\/\/www.messinaoggi.it\/website\/wp-content\/uploads\/2021\/10\/20211008_0214.jpg","author_info":{"display_name":"Admin","author_link":"https:\/\/www.messinaoggi.it\/website\/author\/admin\/"},"digistream_id":0,"digistream":false,"_links":{"self":[{"href":"https:\/\/www.messinaoggi.it\/website\/wp-json\/wp\/v2\/posts\/82869"}],"collection":[{"href":"https:\/\/www.messinaoggi.it\/website\/wp-json\/wp\/v2\/posts"}],"about":[{"href":"https:\/\/www.messinaoggi.it\/website\/wp-json\/wp\/v2\/types\/post"}],"author":[{"embeddable":true,"href":"https:\/\/www.messinaoggi.it\/website\/wp-json\/wp\/v2\/users\/18"}],"replies":[{"embeddable":true,"href":"https:\/\/www.messinaoggi.it\/website\/wp-json\/wp\/v2\/comments?post=82869"}],"version-history":[{"count":0,"href":"https:\/\/www.messinaoggi.it\/website\/wp-json\/wp\/v2\/posts\/82869\/revisions"}],"wp:featuredmedia":[{"embeddable":true,"href":"https:\/\/www.messinaoggi.it\/website\/wp-json\/wp\/v2\/media\/82870"}],"wp:attachment":[{"href":"https:\/\/www.messinaoggi.it\/website\/wp-json\/wp\/v2\/media?parent=82869"}],"wp:term":[{"taxonomy":"category","embeddable":true,"href":"https:\/\/www.messinaoggi.it\/website\/wp-json\/wp\/v2\/categories?post=82869"},{"taxonomy":"post_tag","embeddable":true,"href":"https:\/\/www.messinaoggi.it\/website\/wp-json\/wp\/v2\/tags?post=82869"}],"curies":[{"name":"wp","href":"https:\/\/api.w.org\/{rel}","templated":true}]}}