{"id":82827,"date":"2021-10-08T09:02:46","date_gmt":"2021-10-08T07:02:46","guid":{"rendered":"https:\/\/www.messinaoggi.it\/website\/2021\/10\/08\/mafia-sequestrati-beni-per-500-mila-euro-a-imprenditore-di-palermo\/"},"modified":"2021-10-08T09:16:12","modified_gmt":"2021-10-08T07:16:12","slug":"mafia-sequestrati-beni-per-500-mila-euro-a-imprenditore-di-palermo","status":"publish","type":"post","link":"https:\/\/www.messinaoggi.it\/website\/2021\/10\/08\/mafia-sequestrati-beni-per-500-mila-euro-a-imprenditore-di-palermo\/","title":{"rendered":"Mafia, sequestrati beni per 500 mila euro a imprenditore di Palermo"},"content":{"rendered":"<div>\n<p>PALERMO (ITALPRESS) \u2013 I Carabinieri di Palermo hanno sequestrato<br \/>beni per un valore complessivo di circa 500 mila euro. Il<br \/>provvedimento \u00e8 stato emesso dal Tribunale di Palermo \u2013 Sezione Misure di Prevenzione, che ha accolto la richiesta della locale Procura della Repubblica. <br \/>Il sequestro \u00e8 a carico di Francesco Di Marco, 37 anni, condannato in primo e secondo grado a 6 anni e mesi 6 di reclusione perch\u00e8 ritenuto responsabile di aver fatto parte della famiglia mafiosa di Palermo \u2013 Santa Maria di Ges\u00f9.<br \/>Secondo le indagini patrimoniali, coordinate dal Procuratore Aggiunto Marzia Sabella, i beni nella disponibilit\u00e0 di Francesco  Di Marco sarebbero in realt\u00e0 il frutto delle sue attivit\u00e0 illecite. Il sequestro ha riguardato una impresa individuale con sede a Palermo, con attivit\u00e0 di lavorazione marmi, comprensiva dei beni aziendali; appezzamento di un terreno agricolo a Palermo e cinque rapporti bancari.<br \/>(ITALPRESS).<div id=\"div-gpt-ad-Messinaoggi.it-DSK-300x250-corpoart\" style=\"text-align:center;margin:0 auto;\"><\/div><\/p>\n<\/div>\n<div id=\"videoincontent\" style=\"clear:both\";><\/div>","protected":false},"excerpt":{"rendered":"<p>PALERMO (ITALPRESS) \u2013 I Carabinieri di Palermo hanno sequestratobeni per un valore complessivo di circa 500 mila euro. Ilprovvedimento \u00e8 stato emesso dal Tribunale di Palermo \u2013 Sezione Misure di Prevenzione, che ha accolto la richiesta della locale Procura della Repubblica. Il sequestro \u00e8 a carico di Francesco Di Marco, 37 anni, condannato in primo [&hellip;]<\/p>\n","protected":false},"author":18,"featured_media":82828,"comment_status":"closed","ping_status":"closed","sticky":false,"template":"","format":"standard","meta":{"ub_ctt_via":"","_mi_skip_tracking":false},"categories":[6,2449],"tags":[783],"featured_image_src":"https:\/\/www.messinaoggi.it\/website\/wp-content\/uploads\/2021\/10\/20211008_0114.jpg","author_info":{"display_name":"Admin","author_link":"https:\/\/www.messinaoggi.it\/website\/author\/admin\/"},"digistream_id":0,"digistream":false,"_links":{"self":[{"href":"https:\/\/www.messinaoggi.it\/website\/wp-json\/wp\/v2\/posts\/82827"}],"collection":[{"href":"https:\/\/www.messinaoggi.it\/website\/wp-json\/wp\/v2\/posts"}],"about":[{"href":"https:\/\/www.messinaoggi.it\/website\/wp-json\/wp\/v2\/types\/post"}],"author":[{"embeddable":true,"href":"https:\/\/www.messinaoggi.it\/website\/wp-json\/wp\/v2\/users\/18"}],"replies":[{"embeddable":true,"href":"https:\/\/www.messinaoggi.it\/website\/wp-json\/wp\/v2\/comments?post=82827"}],"version-history":[{"count":1,"href":"https:\/\/www.messinaoggi.it\/website\/wp-json\/wp\/v2\/posts\/82827\/revisions"}],"predecessor-version":[{"id":82829,"href":"https:\/\/www.messinaoggi.it\/website\/wp-json\/wp\/v2\/posts\/82827\/revisions\/82829"}],"wp:featuredmedia":[{"embeddable":true,"href":"https:\/\/www.messinaoggi.it\/website\/wp-json\/wp\/v2\/media\/82828"}],"wp:attachment":[{"href":"https:\/\/www.messinaoggi.it\/website\/wp-json\/wp\/v2\/media?parent=82827"}],"wp:term":[{"taxonomy":"category","embeddable":true,"href":"https:\/\/www.messinaoggi.it\/website\/wp-json\/wp\/v2\/categories?post=82827"},{"taxonomy":"post_tag","embeddable":true,"href":"https:\/\/www.messinaoggi.it\/website\/wp-json\/wp\/v2\/tags?post=82827"}],"curies":[{"name":"wp","href":"https:\/\/api.w.org\/{rel}","templated":true}]}}