{"id":82774,"date":"2021-10-07T16:07:40","date_gmt":"2021-10-07T14:07:40","guid":{"rendered":"https:\/\/www.messinaoggi.it\/website\/2021\/10\/07\/draghi-merkel-determinante-per-lue-ci-manchera\/"},"modified":"2021-10-07T16:07:40","modified_gmt":"2021-10-07T14:07:40","slug":"draghi-merkel-determinante-per-lue-ci-manchera","status":"publish","type":"post","link":"https:\/\/www.messinaoggi.it\/website\/2021\/10\/07\/draghi-merkel-determinante-per-lue-ci-manchera\/","title":{"rendered":"Draghi \u201cMerkel determinante per l\u2019Ue, ci mancher\u00e0\u201d"},"content":{"rendered":"<div>ROMA (ITALPRESS) &#8211; &#8220;Quella della Cancelliera Merkel si tratta probabilmente della sua ultima visita bilaterale in Italia, e voglio quindi cogliere quest&#8217;occasione per ringraziarla a nome del Governo ma anche mio personale per il ruolo determinante che ha avuto nel disegnare il futuro dell&#8217;Europa negli ultimi sedici anni. La Cancelliera ha saputo guidare la Germania e l&#8217;Unione Europea con calma, determinazione e sincero europeismo&#8221;. Lo ha detto il presidente del Consiglio, Mario Draghi, al termine dell&#8217;incontro con la cancelliera della Repubblica Federale di Germania, Angela Merkel, a Palazzo Chigi.<br \/>&#8220;Durante gli anni che ho trascorso alla guida della Banca Centrale Europea, Merkel ha sostenuto con grande convinzione l&#8217;indipendenza della banca centrale, anche quando venivamo attaccati per le politiche espansive necessarie per difendere l&#8217;integrit\u00e0 della moneta unica, allontanare i rischi di deflazione e sostenere la ripresa. Durante la fase pi\u00f9 acuta della pandemia in Italia, sotto la guida di Merkel &#8211; ha aggiunto &#8211; la Germania ha fornito assistenza diretta a decine di pazienti italiani, trasportandoli negli ospedali tedeschi, un gesto che ci ha profondamente commossi. La Cancelliera ha avuto un ruolo decisivo nella creazione del programma Next Generation EU, un segno tangibile della solidariet\u00e0 dell&#8217;Unione Europea verso i Paesi pi\u00f9 colpiti dalla pandemia, e una straordinaria occasione per rilanciare la crescita economica in Italia in modo robusto, equo e sostenibile&#8221;.<br \/>&#8220;Merkel \u00e8 stata una campionessa del multilateralismo quando altri Paesi si schieravano per il protezionismo e l&#8217;isolazionismo &#8211; ha spiegato il premier -. Ci mancher\u00e0, ma sono sicuro avremo modo di vederla altre volte in Italia &#8211; magari in occasioni di maggiore relax &#8211; visto il suo amore per il nostro Paese&#8221;.<br \/>Lo cancelliera tedesca ha ricordato il suo &#8220;amore per l&#8217;Italia&#8221;. &#8220;Lo porter\u00f2 avanti &#8211; ha detto Merkel -, ma dar\u00f2 a questo amore un&#8217;altra forma. Far\u00f2 un soggiorno a Roma perch\u00e8 io vorrei passare pi\u00f9 tempo in questa citt\u00e0. Torner\u00f2 in Italia in altre vesti&#8221;. La cancelliera ha poi ringraziato il presidente del Consiglio italiano sottolineando che &#8220;in pochi mesi si \u00e8 creata una collaborazione molto stretta, abbiamo stimolato questa crescita anche quando era presidente della Bce, in questo caso \u00e8 stato un grande garante dell&#8217;euro con grande determinazione. Lei ha contribuito allo sviluppo ulteriore dell&#8217;euro come moneta unica&#8221;. E sul ruolo dell&#8217;Italia in Europa dopo la fine del suo mandato da cancelliera ha aggiunto: &#8220;l&#8217;Italia non rappresenter\u00e0 la Germani e la Germania non rappresenter\u00e0 l&#8217;Italia, saranno sicuramente delle voci importanti e ognuno rappresenter\u00e0 il proprio paese&#8221;, ha concluso.<br \/>(ITALPRESS).<\/div>\n<div id=\"div-gpt-ad-Messinaoggi.it-DSK-300x250-corpoart\" style=\"text-align:center;margin:0 auto;\"><\/div><\/p><div id=\"videoincontent\" style=\"clear:both\";><\/div>","protected":false},"excerpt":{"rendered":"<p>ROMA (ITALPRESS) &#8211; &#8220;Quella della Cancelliera Merkel si tratta probabilmente della sua ultima visita bilaterale in Italia, e voglio quindi cogliere quest&#8217;occasione per ringraziarla a nome del Governo ma anche mio personale per il ruolo determinante che ha avuto nel disegnare il futuro dell&#8217;Europa negli ultimi sedici anni. La Cancelliera ha saputo guidare la Germania [&hellip;]<\/p>\n","protected":false},"author":18,"featured_media":82775,"comment_status":"closed","ping_status":"closed","sticky":false,"template":"","format":"standard","meta":{"ub_ctt_via":"","_mi_skip_tracking":false},"categories":[446],"tags":[783],"featured_image_src":"https:\/\/www.messinaoggi.it\/website\/wp-content\/uploads\/2021\/10\/20211007_1709.jpg","author_info":{"display_name":"Admin","author_link":"https:\/\/www.messinaoggi.it\/website\/author\/admin\/"},"digistream_id":0,"digistream":false,"_links":{"self":[{"href":"https:\/\/www.messinaoggi.it\/website\/wp-json\/wp\/v2\/posts\/82774"}],"collection":[{"href":"https:\/\/www.messinaoggi.it\/website\/wp-json\/wp\/v2\/posts"}],"about":[{"href":"https:\/\/www.messinaoggi.it\/website\/wp-json\/wp\/v2\/types\/post"}],"author":[{"embeddable":true,"href":"https:\/\/www.messinaoggi.it\/website\/wp-json\/wp\/v2\/users\/18"}],"replies":[{"embeddable":true,"href":"https:\/\/www.messinaoggi.it\/website\/wp-json\/wp\/v2\/comments?post=82774"}],"version-history":[{"count":0,"href":"https:\/\/www.messinaoggi.it\/website\/wp-json\/wp\/v2\/posts\/82774\/revisions"}],"wp:featuredmedia":[{"embeddable":true,"href":"https:\/\/www.messinaoggi.it\/website\/wp-json\/wp\/v2\/media\/82775"}],"wp:attachment":[{"href":"https:\/\/www.messinaoggi.it\/website\/wp-json\/wp\/v2\/media?parent=82774"}],"wp:term":[{"taxonomy":"category","embeddable":true,"href":"https:\/\/www.messinaoggi.it\/website\/wp-json\/wp\/v2\/categories?post=82774"},{"taxonomy":"post_tag","embeddable":true,"href":"https:\/\/www.messinaoggi.it\/website\/wp-json\/wp\/v2\/tags?post=82774"}],"curies":[{"name":"wp","href":"https:\/\/api.w.org\/{rel}","templated":true}]}}