{"id":82772,"date":"2021-10-07T16:07:39","date_gmt":"2021-10-07T14:07:39","guid":{"rendered":"https:\/\/www.messinaoggi.it\/website\/2021\/10\/07\/ue-sassoli-serve-un-approccio-inclusivo-per-attuare-il-green-deal\/"},"modified":"2021-10-07T16:07:39","modified_gmt":"2021-10-07T14:07:39","slug":"ue-sassoli-serve-un-approccio-inclusivo-per-attuare-il-green-deal","status":"publish","type":"post","link":"https:\/\/www.messinaoggi.it\/website\/2021\/10\/07\/ue-sassoli-serve-un-approccio-inclusivo-per-attuare-il-green-deal\/","title":{"rendered":"Ue, Sassoli \u201cServe un approccio inclusivo per attuare il Green Deal\u201d"},"content":{"rendered":"<div>BRUXELLES (BELGIO) (ITALPRESS) &#8211; Il presidente del Parlamento europeo, David Sassoli ha aperto oggi la Cerimonia del Patto dei Sindaci dell&#8217;UE per il clima e l&#8217;energia, che riunisce migliaia di governi locali impegnati nell&#8217;attuazione degli obiettivi climatici ed energetici dell&#8217;UE.<br \/>&#8220;Permettetemi innanzi tutto di congratularmi per il successo del Patto: le citt\u00e0 firmatarie sono pi\u00f9 di 10.000 e rappresentano oltre 325 milioni di abitanti di 53 paesi &#8211; ha spiegato il presidente Sassoli rivolgendosi al Patto -. Sono cifre impressionanti. Come sapete, condividiamo obiettivi simili: accelerare la decarbonizzazione dei territori, rafforzare la capacit\u00e0 di adattamento agli impatti inevitabili dei cambiamenti climatici e consentire ai cittadini di accedere a un&#8217;energia sicura, sostenibile e a prezzi abbordabili&#8221;.<br \/>&#8220;La povert\u00e0 energetica \u00e8 un problema per tutti gli europei, in tutti gli Stati membri. Alla vigilia dell&#8217;inverno, stiamo assistendo a un aumento dei prezzi dell&#8217;energia, e i cittadini e le imprese sono comprensibilmente preoccupati &#8211; ha sottolineato Sassoli -. Come per il COVID-19, dobbiamo unire gli sforzi e fornire una risposta europea coordinata. La nostra esposizione alla volatilit\u00e0 dei prezzi globali del gas sottolinea l&#8217;importanza del nostro piano per costruire un forte settore domestico delle energie rinnovabili. Il Parlamento europeo \u00e8 determinato a lavorare per arrivare al massimo entro il 2050 a una societ\u00e0 a impatto climatico zero, ed \u00e8 pienamente impegnato a trasformare l&#8217;Unione in una societ\u00e0 pi\u00f9 sana, sostenibile, equa, giusta e prospera&#8221;.<br \/>&#8220;La transizione ecologica coinvolger\u00e0 tutte le politiche dell&#8217;UE e incider\u00e0 in vari modi su tutte le regioni dell&#8217;UE. Pertanto, solo un approccio olistico e inclusivo all&#8217;attuazione del Green Deal consentir\u00e0 di realizzare le nostre ambizioni. E&#8217; per questo motivo che il Parlamento europeo \u00e8 favorevole a una cooperazione rafforzata con le citt\u00e0 e le regioni europee nel suo lavoro &#8211; ha aggiunto il presidente -. E&#8217; fondamentale che le istituzioni dell&#8217;UE, i deputati al Parlamento europeo, i governi nazionali e i politici locali uniscano le loro forze per garantire che la transizione energetica e climatica non lasci indietro nessuno e migliori la qualit\u00e0 della vita di tutti i cittadini europei, creando nuove opportunit\u00e0 e rafforzando la coesione sociale&#8221;.<br \/>&#8220;L&#8217;UE deve continuare ad agire da leader nell&#8217;azione per il clima ed \u00e8 chiamata a svolgere, con la sua diplomazia, un ruolo di primo piano nel convincere altri attori globali, come la Cina e l&#8217;India, ad accrescere le proprie ambizioni alla COP26 di Glasgow e a trasformare gli impegni in misure politiche concrete &#8211; ha concluso Sassoli -. Il fattore tempo \u00e8 essenziale e un&#8217;azione globale \u00e8 fondamentale per il successo della lotta contro i cambiamenti climatici&#8221;.<br \/>(ITALPRESS).<\/div>\n<div id=\"div-gpt-ad-Messinaoggi.it-DSK-300x250-corpoart\" style=\"text-align:center;margin:0 auto;\"><\/div><\/p><div id=\"videoincontent\" style=\"clear:both\";><\/div>","protected":false},"excerpt":{"rendered":"<p>BRUXELLES (BELGIO) (ITALPRESS) &#8211; Il presidente del Parlamento europeo, David Sassoli ha aperto oggi la Cerimonia del Patto dei Sindaci dell&#8217;UE per il clima e l&#8217;energia, che riunisce migliaia di governi locali impegnati nell&#8217;attuazione degli obiettivi climatici ed energetici dell&#8217;UE.&#8220;Permettetemi innanzi tutto di congratularmi per il successo del Patto: le citt\u00e0 firmatarie sono pi\u00f9 di [&hellip;]<\/p>\n","protected":false},"author":18,"featured_media":82773,"comment_status":"closed","ping_status":"closed","sticky":false,"template":"","format":"standard","meta":{"ub_ctt_via":"","_mi_skip_tracking":false},"categories":[446],"tags":[783],"featured_image_src":"https:\/\/www.messinaoggi.it\/website\/wp-content\/uploads\/2021\/10\/20211007_1672.jpg","author_info":{"display_name":"Admin","author_link":"https:\/\/www.messinaoggi.it\/website\/author\/admin\/"},"digistream_id":0,"digistream":false,"_links":{"self":[{"href":"https:\/\/www.messinaoggi.it\/website\/wp-json\/wp\/v2\/posts\/82772"}],"collection":[{"href":"https:\/\/www.messinaoggi.it\/website\/wp-json\/wp\/v2\/posts"}],"about":[{"href":"https:\/\/www.messinaoggi.it\/website\/wp-json\/wp\/v2\/types\/post"}],"author":[{"embeddable":true,"href":"https:\/\/www.messinaoggi.it\/website\/wp-json\/wp\/v2\/users\/18"}],"replies":[{"embeddable":true,"href":"https:\/\/www.messinaoggi.it\/website\/wp-json\/wp\/v2\/comments?post=82772"}],"version-history":[{"count":0,"href":"https:\/\/www.messinaoggi.it\/website\/wp-json\/wp\/v2\/posts\/82772\/revisions"}],"wp:featuredmedia":[{"embeddable":true,"href":"https:\/\/www.messinaoggi.it\/website\/wp-json\/wp\/v2\/media\/82773"}],"wp:attachment":[{"href":"https:\/\/www.messinaoggi.it\/website\/wp-json\/wp\/v2\/media?parent=82772"}],"wp:term":[{"taxonomy":"category","embeddable":true,"href":"https:\/\/www.messinaoggi.it\/website\/wp-json\/wp\/v2\/categories?post=82772"},{"taxonomy":"post_tag","embeddable":true,"href":"https:\/\/www.messinaoggi.it\/website\/wp-json\/wp\/v2\/tags?post=82772"}],"curies":[{"name":"wp","href":"https:\/\/api.w.org\/{rel}","templated":true}]}}