{"id":82770,"date":"2021-10-07T16:07:37","date_gmt":"2021-10-07T14:07:37","guid":{"rendered":"https:\/\/www.messinaoggi.it\/website\/2021\/10\/07\/cingolani-sul-cambiamento-climatico-agire-subito-con-ambizione\/"},"modified":"2021-10-07T16:07:37","modified_gmt":"2021-10-07T14:07:37","slug":"cingolani-sul-cambiamento-climatico-agire-subito-con-ambizione","status":"publish","type":"post","link":"https:\/\/www.messinaoggi.it\/website\/2021\/10\/07\/cingolani-sul-cambiamento-climatico-agire-subito-con-ambizione\/","title":{"rendered":"Cingolani \u201cSul cambiamento climatico agire subito con ambizione\u201d"},"content":{"rendered":"<div>ROMA (ITALPRESS) &#8211; &#8220;La temperatura aumenter\u00e0 nel prossimo decennio fino a 3 gradi, questo ci indica l&#8217;urgenza di intervenire sul cambiamento climatico, siamo in ritardo, l&#8217;urgenza \u00e8 chiara, e i giovani devono essere coinvolti nel processo decisionale che riguarda il loro futuro, soprattutto nei Paesi africani, i pi\u00f9 vulnerabili&#8221;. Lo ha detto il ministro della Transizione Ecologica, Roberto Cingolani, intervenendo al B20 Italia.<br \/>&#8220;Ambizione e accelerazione sono le due parole chiave &#8211; ha aggiunto il ministro -. C&#8217;\u00e8 oggi la consapevolezza che il cambiamento climatico \u00e8 un grosso problema ma non pu\u00f2 essere affrontato singolarmente, si deve affrontare in maniera sinergica, tenendo in considerazione quelle che sono le diseguaglianze globali&#8221;.<br \/>(ITALPRESS).<\/div>\n<div id=\"div-gpt-ad-Messinaoggi.it-DSK-300x250-corpoart\" style=\"text-align:center;margin:0 auto;\"><\/div><\/p><div id=\"videoincontent\" style=\"clear:both\";><\/div>","protected":false},"excerpt":{"rendered":"<p>ROMA (ITALPRESS) &#8211; &#8220;La temperatura aumenter\u00e0 nel prossimo decennio fino a 3 gradi, questo ci indica l&#8217;urgenza di intervenire sul cambiamento climatico, siamo in ritardo, l&#8217;urgenza \u00e8 chiara, e i giovani devono essere coinvolti nel processo decisionale che riguarda il loro futuro, soprattutto nei Paesi africani, i pi\u00f9 vulnerabili&#8221;. Lo ha detto il ministro della [&hellip;]<\/p>\n","protected":false},"author":18,"featured_media":82771,"comment_status":"closed","ping_status":"closed","sticky":false,"template":"","format":"standard","meta":{"ub_ctt_via":"","_mi_skip_tracking":false},"categories":[446],"tags":[783],"featured_image_src":"https:\/\/www.messinaoggi.it\/website\/wp-content\/uploads\/2021\/10\/20211007_1072.jpg","author_info":{"display_name":"Admin","author_link":"https:\/\/www.messinaoggi.it\/website\/author\/admin\/"},"digistream_id":0,"digistream":false,"_links":{"self":[{"href":"https:\/\/www.messinaoggi.it\/website\/wp-json\/wp\/v2\/posts\/82770"}],"collection":[{"href":"https:\/\/www.messinaoggi.it\/website\/wp-json\/wp\/v2\/posts"}],"about":[{"href":"https:\/\/www.messinaoggi.it\/website\/wp-json\/wp\/v2\/types\/post"}],"author":[{"embeddable":true,"href":"https:\/\/www.messinaoggi.it\/website\/wp-json\/wp\/v2\/users\/18"}],"replies":[{"embeddable":true,"href":"https:\/\/www.messinaoggi.it\/website\/wp-json\/wp\/v2\/comments?post=82770"}],"version-history":[{"count":0,"href":"https:\/\/www.messinaoggi.it\/website\/wp-json\/wp\/v2\/posts\/82770\/revisions"}],"wp:featuredmedia":[{"embeddable":true,"href":"https:\/\/www.messinaoggi.it\/website\/wp-json\/wp\/v2\/media\/82771"}],"wp:attachment":[{"href":"https:\/\/www.messinaoggi.it\/website\/wp-json\/wp\/v2\/media?parent=82770"}],"wp:term":[{"taxonomy":"category","embeddable":true,"href":"https:\/\/www.messinaoggi.it\/website\/wp-json\/wp\/v2\/categories?post=82770"},{"taxonomy":"post_tag","embeddable":true,"href":"https:\/\/www.messinaoggi.it\/website\/wp-json\/wp\/v2\/tags?post=82770"}],"curies":[{"name":"wp","href":"https:\/\/api.w.org\/{rel}","templated":true}]}}