{"id":82757,"date":"2021-10-07T14:07:34","date_gmt":"2021-10-07T12:07:34","guid":{"rendered":"https:\/\/www.messinaoggi.it\/website\/2021\/10\/07\/fico-ruolo-primario-parlamenti-per-ripresa-sostenibile-e-inclusiva\/"},"modified":"2021-10-07T14:07:34","modified_gmt":"2021-10-07T12:07:34","slug":"fico-ruolo-primario-parlamenti-per-ripresa-sostenibile-e-inclusiva","status":"publish","type":"post","link":"https:\/\/www.messinaoggi.it\/website\/2021\/10\/07\/fico-ruolo-primario-parlamenti-per-ripresa-sostenibile-e-inclusiva\/","title":{"rendered":"Fico \u201cRuolo primario parlamenti per ripresa sostenibile e inclusiva\u201d"},"content":{"rendered":"<div>ROMA (ITALPRESS) &#8211; &#8220;Riteniamo che i Parlamenti debbano avere un ruolo di primo piano nel concordare e coordinare politiche volte a promuovere, dopo la grave crisi generata dalla pandemia, una ripresa pi\u00f9 equa, sostenibile e inclusiva sul piano economico, sociale e ambientale&#8221;. Lo ha detto il presidente della Camera, Roberto Fico, intervenendo al settimo summit dei Presidenti dei Parlamenti del G20. &#8220;Perch\u00e8 la prosperit\u00e0 sia realmente diffusa, dobbiamo contribuire alla riduzione delle disuguaglianze tra le varie aree del mondo e all&#8217;interno dei nostri Paesi. E in questa prospettiva &#8211; ha aggiunto &#8211; dobbiamo, a mio avviso, prendere atto che la competizione sui mercati internazionali non pu\u00f2 realizzarsi abbassando il costo del lavoro e le tutele sociali. Ma attraverso un utilizzo intelligente delle potenzialit\u00e0 offerte dalla innovazione tecnologica e dalla rivoluzione digitale. La collaborazione tra i nostri Paesi &#8211; e in generale di tutta la Comunit\u00e0 internazionale &#8211; nella declinazione e nell&#8217;attuazione di questi obiettivi \u00e8 cruciale. Ci\u00f2 anzitutto per la natura delle sfide da affrontare, di fronte alle quali nessuno Stato pu\u00f2 illudersi di fare da solo&#8221;.<br \/>(ITALPRESS).<\/div>\n<div id=\"div-gpt-ad-Messinaoggi.it-DSK-300x250-corpoart\" style=\"text-align:center;margin:0 auto;\"><\/div><\/p><div id=\"videoincontent\" style=\"clear:both\";><\/div>","protected":false},"excerpt":{"rendered":"<p>ROMA (ITALPRESS) &#8211; &#8220;Riteniamo che i Parlamenti debbano avere un ruolo di primo piano nel concordare e coordinare politiche volte a promuovere, dopo la grave crisi generata dalla pandemia, una ripresa pi\u00f9 equa, sostenibile e inclusiva sul piano economico, sociale e ambientale&#8221;. Lo ha detto il presidente della Camera, Roberto Fico, intervenendo al settimo summit [&hellip;]<\/p>\n","protected":false},"author":18,"featured_media":82758,"comment_status":"closed","ping_status":"closed","sticky":false,"template":"","format":"standard","meta":{"ub_ctt_via":"","_mi_skip_tracking":false},"categories":[446],"tags":[783],"featured_image_src":"https:\/\/www.messinaoggi.it\/website\/wp-content\/uploads\/2021\/10\/20211007_0701.jpg","author_info":{"display_name":"Admin","author_link":"https:\/\/www.messinaoggi.it\/website\/author\/admin\/"},"digistream_id":0,"digistream":false,"_links":{"self":[{"href":"https:\/\/www.messinaoggi.it\/website\/wp-json\/wp\/v2\/posts\/82757"}],"collection":[{"href":"https:\/\/www.messinaoggi.it\/website\/wp-json\/wp\/v2\/posts"}],"about":[{"href":"https:\/\/www.messinaoggi.it\/website\/wp-json\/wp\/v2\/types\/post"}],"author":[{"embeddable":true,"href":"https:\/\/www.messinaoggi.it\/website\/wp-json\/wp\/v2\/users\/18"}],"replies":[{"embeddable":true,"href":"https:\/\/www.messinaoggi.it\/website\/wp-json\/wp\/v2\/comments?post=82757"}],"version-history":[{"count":0,"href":"https:\/\/www.messinaoggi.it\/website\/wp-json\/wp\/v2\/posts\/82757\/revisions"}],"wp:featuredmedia":[{"embeddable":true,"href":"https:\/\/www.messinaoggi.it\/website\/wp-json\/wp\/v2\/media\/82758"}],"wp:attachment":[{"href":"https:\/\/www.messinaoggi.it\/website\/wp-json\/wp\/v2\/media?parent=82757"}],"wp:term":[{"taxonomy":"category","embeddable":true,"href":"https:\/\/www.messinaoggi.it\/website\/wp-json\/wp\/v2\/categories?post=82757"},{"taxonomy":"post_tag","embeddable":true,"href":"https:\/\/www.messinaoggi.it\/website\/wp-json\/wp\/v2\/tags?post=82757"}],"curies":[{"name":"wp","href":"https:\/\/api.w.org\/{rel}","templated":true}]}}