{"id":82755,"date":"2021-10-07T13:07:39","date_gmt":"2021-10-07T11:07:39","guid":{"rendered":"https:\/\/www.messinaoggi.it\/website\/2021\/10\/07\/covid-la-sicilia-ritorna-in-zona-bianca\/"},"modified":"2021-10-07T13:07:39","modified_gmt":"2021-10-07T11:07:39","slug":"covid-la-sicilia-ritorna-in-zona-bianca","status":"publish","type":"post","link":"https:\/\/www.messinaoggi.it\/website\/2021\/10\/07\/covid-la-sicilia-ritorna-in-zona-bianca\/","title":{"rendered":"Covid, la Sicilia ritorna in zona bianca"},"content":{"rendered":"<div>PALERMO (ITALPRESS) &#8211; &#8220;Oggi \u00e8 trascorso il 14esimo giorno dal rientro dai parametri di zona e si attende per domani la decisione della cabina di regia che ci \u00e8 stata anticipata che porter\u00e0 alla zona bianca per tutta la Regione. Il provvedimento \u00e8 atteso nella giornata di domani&#8221;. Lo ha detto l&#8217;assessore alla Salute della Regione siciliana, Ruggero Razza, presentando il nuovo bollettino settimanale sull&#8217;andamento del Coronavirus in Sicilia e che contiene sia dati epidemiologici che quelli relativi alla vaccinazione. <br \/>&#8220;Il provvedimento di conversione della fascia di competenza sar\u00e0 immediato e si attende che produca i suoi effetti gi\u00e0 da sabato, questo quanto mi ha anticipato il ministro della salute, Roberto Speranza &#8211; ha aggiunto Razza -. E&#8217; un obiettivo che non caricherei di alcun significato. Come non aveva valore politico il ritorno in giallo non ha valore politico il ritorno in bianco&#8221;, ha sottolineato Razza.<br \/>(ITALPRESS).<\/div>\n<div id=\"div-gpt-ad-Messinaoggi.it-DSK-300x250-corpoart\" style=\"text-align:center;margin:0 auto;\"><\/div><\/p><div id=\"videoincontent\" style=\"clear:both\";><\/div>","protected":false},"excerpt":{"rendered":"<p>PALERMO (ITALPRESS) &#8211; &#8220;Oggi \u00e8 trascorso il 14esimo giorno dal rientro dai parametri di zona e si attende per domani la decisione della cabina di regia che ci \u00e8 stata anticipata che porter\u00e0 alla zona bianca per tutta la Regione. Il provvedimento \u00e8 atteso nella giornata di domani&#8221;. Lo ha detto l&#8217;assessore alla Salute della [&hellip;]<\/p>\n","protected":false},"author":18,"featured_media":82756,"comment_status":"closed","ping_status":"closed","sticky":false,"template":"","format":"standard","meta":{"ub_ctt_via":"","_mi_skip_tracking":false},"categories":[446],"tags":[783],"featured_image_src":"https:\/\/www.messinaoggi.it\/website\/wp-content\/uploads\/2021\/10\/20211007_0652.jpg","author_info":{"display_name":"Admin","author_link":"https:\/\/www.messinaoggi.it\/website\/author\/admin\/"},"digistream_id":0,"digistream":false,"_links":{"self":[{"href":"https:\/\/www.messinaoggi.it\/website\/wp-json\/wp\/v2\/posts\/82755"}],"collection":[{"href":"https:\/\/www.messinaoggi.it\/website\/wp-json\/wp\/v2\/posts"}],"about":[{"href":"https:\/\/www.messinaoggi.it\/website\/wp-json\/wp\/v2\/types\/post"}],"author":[{"embeddable":true,"href":"https:\/\/www.messinaoggi.it\/website\/wp-json\/wp\/v2\/users\/18"}],"replies":[{"embeddable":true,"href":"https:\/\/www.messinaoggi.it\/website\/wp-json\/wp\/v2\/comments?post=82755"}],"version-history":[{"count":0,"href":"https:\/\/www.messinaoggi.it\/website\/wp-json\/wp\/v2\/posts\/82755\/revisions"}],"wp:featuredmedia":[{"embeddable":true,"href":"https:\/\/www.messinaoggi.it\/website\/wp-json\/wp\/v2\/media\/82756"}],"wp:attachment":[{"href":"https:\/\/www.messinaoggi.it\/website\/wp-json\/wp\/v2\/media?parent=82755"}],"wp:term":[{"taxonomy":"category","embeddable":true,"href":"https:\/\/www.messinaoggi.it\/website\/wp-json\/wp\/v2\/categories?post=82755"},{"taxonomy":"post_tag","embeddable":true,"href":"https:\/\/www.messinaoggi.it\/website\/wp-json\/wp\/v2\/tags?post=82755"}],"curies":[{"name":"wp","href":"https:\/\/api.w.org\/{rel}","templated":true}]}}