{"id":82743,"date":"2021-10-07T12:47:31","date_gmt":"2021-10-07T10:47:31","guid":{"rendered":"https:\/\/www.messinaoggi.it\/website\/2021\/10\/07\/covid-razza-la-sicilia-ritorna-in-zona-bianca\/"},"modified":"2021-10-07T12:47:31","modified_gmt":"2021-10-07T10:47:31","slug":"covid-razza-la-sicilia-ritorna-in-zona-bianca","status":"publish","type":"post","link":"https:\/\/www.messinaoggi.it\/website\/2021\/10\/07\/covid-razza-la-sicilia-ritorna-in-zona-bianca\/","title":{"rendered":"Covid, Razza \u201cla Sicilia ritorna in zona bianca\u201d"},"content":{"rendered":"<div>\n<p>PALERMO (ITALPRESS) \u2013 \u201cOggi \u00e8 trascorso il 14esimo giorno dal rientro dai parametri di zona e si attende per domani la decisione della cabina di regia che ci \u00e8 stata anticipata che porter\u00e0 alla zona bianca per tutta la Regione. Il provvedimento \u00e8 atteso nella giornata di domani\u201d. Lo ha detto l\u2019assessore alla Salute della Regione siciliana, Ruggero Razza, presentando il nuovo bollettino settimanale sull\u2019andamento del Coronavirus in Sicilia e che contiene sia dati epidemiologici che quelli relativi alla vaccinazione. <br \/>\u201cIl provvedimento di conversione della fascia di competenza sar\u00e0 immediato e si attende che produca i suoi effetti gi\u00e0 da sabato, questo quanto mi ha anticipato il ministro della salute, Roberto Speranza \u2013 ha aggiunto Razza -. E\u2019 un obiettivo che non caricherei di alcun significato. Come non aveva valore politico il ritorno in giallo non ha valore politico il ritorno in bianco\u201d, ha sottolineato Razza.<br \/>(ITALPRESS).<div id=\"div-gpt-ad-Messinaoggi.it-DSK-300x250-corpoart\" style=\"text-align:center;margin:0 auto;\"><\/div><\/p>\n<\/div>\n<div id=\"videoincontent\" style=\"clear:both\";><\/div>","protected":false},"excerpt":{"rendered":"<p>PALERMO (ITALPRESS) \u2013 \u201cOggi \u00e8 trascorso il 14esimo giorno dal rientro dai parametri di zona e si attende per domani la decisione della cabina di regia che ci \u00e8 stata anticipata che porter\u00e0 alla zona bianca per tutta la Regione. Il provvedimento \u00e8 atteso nella giornata di domani\u201d. Lo ha detto l\u2019assessore alla Salute della [&hellip;]<\/p>\n","protected":false},"author":18,"featured_media":82744,"comment_status":"closed","ping_status":"closed","sticky":false,"template":"","format":"standard","meta":{"ub_ctt_via":"","_mi_skip_tracking":false},"categories":[2449],"tags":[783],"featured_image_src":"https:\/\/www.messinaoggi.it\/website\/wp-content\/uploads\/2021\/10\/20211007_0544.jpg","author_info":{"display_name":"Admin","author_link":"https:\/\/www.messinaoggi.it\/website\/author\/admin\/"},"digistream_id":0,"digistream":false,"_links":{"self":[{"href":"https:\/\/www.messinaoggi.it\/website\/wp-json\/wp\/v2\/posts\/82743"}],"collection":[{"href":"https:\/\/www.messinaoggi.it\/website\/wp-json\/wp\/v2\/posts"}],"about":[{"href":"https:\/\/www.messinaoggi.it\/website\/wp-json\/wp\/v2\/types\/post"}],"author":[{"embeddable":true,"href":"https:\/\/www.messinaoggi.it\/website\/wp-json\/wp\/v2\/users\/18"}],"replies":[{"embeddable":true,"href":"https:\/\/www.messinaoggi.it\/website\/wp-json\/wp\/v2\/comments?post=82743"}],"version-history":[{"count":0,"href":"https:\/\/www.messinaoggi.it\/website\/wp-json\/wp\/v2\/posts\/82743\/revisions"}],"wp:featuredmedia":[{"embeddable":true,"href":"https:\/\/www.messinaoggi.it\/website\/wp-json\/wp\/v2\/media\/82744"}],"wp:attachment":[{"href":"https:\/\/www.messinaoggi.it\/website\/wp-json\/wp\/v2\/media?parent=82743"}],"wp:term":[{"taxonomy":"category","embeddable":true,"href":"https:\/\/www.messinaoggi.it\/website\/wp-json\/wp\/v2\/categories?post=82743"},{"taxonomy":"post_tag","embeddable":true,"href":"https:\/\/www.messinaoggi.it\/website\/wp-json\/wp\/v2\/tags?post=82743"}],"curies":[{"name":"wp","href":"https:\/\/api.w.org\/{rel}","templated":true}]}}