{"id":82720,"date":"2021-10-07T11:07:34","date_gmt":"2021-10-07T09:07:34","guid":{"rendered":"https:\/\/www.messinaoggi.it\/website\/2021\/10\/07\/commercio-ad-agosto-vendite-al-dettaglio-in-crescita\/"},"modified":"2021-10-07T11:07:34","modified_gmt":"2021-10-07T09:07:34","slug":"commercio-ad-agosto-vendite-al-dettaglio-in-crescita","status":"publish","type":"post","link":"https:\/\/www.messinaoggi.it\/website\/2021\/10\/07\/commercio-ad-agosto-vendite-al-dettaglio-in-crescita\/","title":{"rendered":"Commercio, ad agosto vendite al dettaglio in crescita"},"content":{"rendered":"<div>ROMA (ITALPRESS) &#8211; Ad agosto, secondo le stime Istat, le vendite al dettaglio crescono sia rispetto al mese precedente (al netto della stagionalit\u00e0) sia rispetto ad agosto 2020. In entrambi i confronti \u00e8 la componente dei beni non alimentari a determinare l&#8217;incremento complessivo. La crescita congiunturale \u00e8 del +0,4% sia in valore sia in volume. All&#8217;aumento delle vendite dei beni non alimentari (+0,7% in valore e +0,8% in volume) si affianca una sostanziale stazionariet\u00e0 per gli alimentari (+0,1% in valore e -0,1% in volume). Su base tendenziale, le vendite al dettaglio aumentano dell&#8217;1,9% in valore e dell&#8217;1,0% in volume. L&#8217;andamento dei beni non alimentari \u00e8 positivo (+3,2% in valore e +2,0% in volume) mentre gli alimentari crescono in valore (+0,5%) ma flettono leggermente in volume (-0,3%). A livello tendenziale il comparto non alimentare \u00e8 in crescita sia nelle imprese operanti su piccole superfici sia nella grande distribuzione.<br \/>\nPer quest&#8217;ultima forma distributiva aumentano, in particolar modo, le vendite degli esercizi specializzati e di quelli non specializzati a prevalenza non alimentare.<br \/>\n(ITALPRESS).<\/div>\n<div id=\"div-gpt-ad-Messinaoggi.it-DSK-300x250-corpoart\" style=\"text-align:center;margin:0 auto;\"><\/div><\/p><div id=\"videoincontent\" style=\"clear:both\";><\/div>","protected":false},"excerpt":{"rendered":"<p>ROMA (ITALPRESS) &#8211; Ad agosto, secondo le stime Istat, le vendite al dettaglio crescono sia rispetto al mese precedente (al netto della stagionalit\u00e0) sia rispetto ad agosto 2020. In entrambi i confronti \u00e8 la componente dei beni non alimentari a determinare l&#8217;incremento complessivo. La crescita congiunturale \u00e8 del +0,4% sia in valore sia in volume. [&hellip;]<\/p>\n","protected":false},"author":18,"featured_media":82721,"comment_status":"closed","ping_status":"closed","sticky":false,"template":"","format":"standard","meta":{"ub_ctt_via":"","_mi_skip_tracking":false},"categories":[446],"tags":[783],"featured_image_src":"https:\/\/www.messinaoggi.it\/website\/wp-content\/uploads\/2021\/10\/20211007_0228.jpg","author_info":{"display_name":"Admin","author_link":"https:\/\/www.messinaoggi.it\/website\/author\/admin\/"},"digistream_id":0,"digistream":false,"_links":{"self":[{"href":"https:\/\/www.messinaoggi.it\/website\/wp-json\/wp\/v2\/posts\/82720"}],"collection":[{"href":"https:\/\/www.messinaoggi.it\/website\/wp-json\/wp\/v2\/posts"}],"about":[{"href":"https:\/\/www.messinaoggi.it\/website\/wp-json\/wp\/v2\/types\/post"}],"author":[{"embeddable":true,"href":"https:\/\/www.messinaoggi.it\/website\/wp-json\/wp\/v2\/users\/18"}],"replies":[{"embeddable":true,"href":"https:\/\/www.messinaoggi.it\/website\/wp-json\/wp\/v2\/comments?post=82720"}],"version-history":[{"count":0,"href":"https:\/\/www.messinaoggi.it\/website\/wp-json\/wp\/v2\/posts\/82720\/revisions"}],"wp:featuredmedia":[{"embeddable":true,"href":"https:\/\/www.messinaoggi.it\/website\/wp-json\/wp\/v2\/media\/82721"}],"wp:attachment":[{"href":"https:\/\/www.messinaoggi.it\/website\/wp-json\/wp\/v2\/media?parent=82720"}],"wp:term":[{"taxonomy":"category","embeddable":true,"href":"https:\/\/www.messinaoggi.it\/website\/wp-json\/wp\/v2\/categories?post=82720"},{"taxonomy":"post_tag","embeddable":true,"href":"https:\/\/www.messinaoggi.it\/website\/wp-json\/wp\/v2\/tags?post=82720"}],"curies":[{"name":"wp","href":"https:\/\/api.w.org\/{rel}","templated":true}]}}