{"id":82715,"date":"2021-10-07T09:07:31","date_gmt":"2021-10-07T07:07:31","guid":{"rendered":"https:\/\/www.messinaoggi.it\/website\/2021\/10\/07\/salvini-mettere-per-iscritto-che-nessuno-paghera-piu-tasse\/"},"modified":"2021-10-07T09:07:31","modified_gmt":"2021-10-07T07:07:31","slug":"salvini-mettere-per-iscritto-che-nessuno-paghera-piu-tasse","status":"publish","type":"post","link":"https:\/\/www.messinaoggi.it\/website\/2021\/10\/07\/salvini-mettere-per-iscritto-che-nessuno-paghera-piu-tasse\/","title":{"rendered":"Salvini \u201cMettere per iscritto che nessuno pagher\u00e0 pi\u00f9 tasse\u201d"},"content":{"rendered":"<div>ROMA (ITALPRESS) &#8211; &#8220;A breve incontrer\u00f2 Draghi. Io mi fido di Draghi e se l&#8217;obiettivo mio e suo \u00e8 comune mettiamolo per iscritto. Oggi ci siamo noi che abbiamo la stessa idea, quindi lasciamo per iscritto per chi arriver\u00e0 dopo che non ci sar\u00e0 nessuno che pagher\u00e0 pi\u00f9 tasse&#8221;. Cos\u00ec il segretario della Lega, Matteo Salvini, a &#8220;Non stop news&#8221; su RTL 102.5. &#8220;Ci sono titoli di giornali che leggo da anni dove la Lega \u00e8 morta e prende schiaffi, invece siamo qua e in forma; semplicemente non vogliamo nuove tasse sulla casa. Siamo entrati nel Governo per superare l&#8217;emergenza e su questo si sta correndo. Una riforma che dice che nessuno paga di pi\u00f9 o di meno o non serve o qualcosa non torna. Adesso nel 2021 nessuno pagher\u00e0 di pi\u00f9 ma domani chiss\u00e0, oggi mi fido di Draghi ma domani? Ci sono degli articoli nella delega fiscale che vanno tolti mentre tutto il resto va benissimo, quello che tutte le associazioni contestano \u00e8 l&#8217;aggiornamento dei valori catastali che rischia di comportare un aumento. A me interessa che nessun italiano paghi un euro in pi\u00f9 di tasse, per questo siamo entrati nel governo, \u00e8 impensabile che qualcuno sulla casa paghi di pi\u00f9, sull&#8217;emersione degli immobili fantasma siamo assolutamente d&#8217;accordo&#8221;, ha aggiunto.<br \/>\n(ITALPRESS).<\/div>\n<div id=\"div-gpt-ad-Messinaoggi.it-DSK-300x250-corpoart\" style=\"text-align:center;margin:0 auto;\"><\/div><\/p><div id=\"videoincontent\" style=\"clear:both\";><\/div>","protected":false},"excerpt":{"rendered":"<p>ROMA (ITALPRESS) &#8211; &#8220;A breve incontrer\u00f2 Draghi. Io mi fido di Draghi e se l&#8217;obiettivo mio e suo \u00e8 comune mettiamolo per iscritto. Oggi ci siamo noi che abbiamo la stessa idea, quindi lasciamo per iscritto per chi arriver\u00e0 dopo che non ci sar\u00e0 nessuno che pagher\u00e0 pi\u00f9 tasse&#8221;. Cos\u00ec il segretario della Lega, Matteo [&hellip;]<\/p>\n","protected":false},"author":18,"featured_media":82716,"comment_status":"closed","ping_status":"closed","sticky":false,"template":"","format":"standard","meta":{"ub_ctt_via":"","_mi_skip_tracking":false},"categories":[446],"tags":[783],"featured_image_src":"https:\/\/www.messinaoggi.it\/website\/wp-content\/uploads\/2021\/10\/20211007_0105.jpg","author_info":{"display_name":"Admin","author_link":"https:\/\/www.messinaoggi.it\/website\/author\/admin\/"},"digistream_id":0,"digistream":false,"_links":{"self":[{"href":"https:\/\/www.messinaoggi.it\/website\/wp-json\/wp\/v2\/posts\/82715"}],"collection":[{"href":"https:\/\/www.messinaoggi.it\/website\/wp-json\/wp\/v2\/posts"}],"about":[{"href":"https:\/\/www.messinaoggi.it\/website\/wp-json\/wp\/v2\/types\/post"}],"author":[{"embeddable":true,"href":"https:\/\/www.messinaoggi.it\/website\/wp-json\/wp\/v2\/users\/18"}],"replies":[{"embeddable":true,"href":"https:\/\/www.messinaoggi.it\/website\/wp-json\/wp\/v2\/comments?post=82715"}],"version-history":[{"count":0,"href":"https:\/\/www.messinaoggi.it\/website\/wp-json\/wp\/v2\/posts\/82715\/revisions"}],"wp:featuredmedia":[{"embeddable":true,"href":"https:\/\/www.messinaoggi.it\/website\/wp-json\/wp\/v2\/media\/82716"}],"wp:attachment":[{"href":"https:\/\/www.messinaoggi.it\/website\/wp-json\/wp\/v2\/media?parent=82715"}],"wp:term":[{"taxonomy":"category","embeddable":true,"href":"https:\/\/www.messinaoggi.it\/website\/wp-json\/wp\/v2\/categories?post=82715"},{"taxonomy":"post_tag","embeddable":true,"href":"https:\/\/www.messinaoggi.it\/website\/wp-json\/wp\/v2\/tags?post=82715"}],"curies":[{"name":"wp","href":"https:\/\/api.w.org\/{rel}","templated":true}]}}