{"id":82698,"date":"2021-10-06T21:07:49","date_gmt":"2021-10-06T19:07:49","guid":{"rendered":"https:\/\/www.messinaoggi.it\/website\/2021\/10\/06\/paolo-conte-a-novembre-esce-live-at-venaria-reale\/"},"modified":"2021-10-06T21:07:49","modified_gmt":"2021-10-06T19:07:49","slug":"paolo-conte-a-novembre-esce-live-at-venaria-reale","status":"publish","type":"post","link":"https:\/\/www.messinaoggi.it\/website\/2021\/10\/06\/paolo-conte-a-novembre-esce-live-at-venaria-reale\/","title":{"rendered":"Paolo Conte, a novembre esce \u201cLive at Venaria Reale\u201d"},"content":{"rendered":"<div>MILANO (ITALPRESS) &#8211; Il concerto di Paolo Conte nel cuore della Reggia di Venaria Reale, trasmesso in esclusiva streaming su ItsART il 30 settembre, rivivr\u00e0 in una speciale edizione limitata. Venerd\u00ec 12 novembre esce infatti &#8220;Live at Venaria Reale&#8221; in una Box Limited Edition e doppio Lp gi\u00e0 disponibile in pre-order. Paolo Conte \u00e8 attualmente in tour per portare<br \/>sul palco i suoi brani pi\u00f9 amati dal pubblico. Dopo le prime date che hanno visto l&#8217;artista impegnato tra luglio e settembre 2021, questi gli appuntamenti attesi per il prossimo anno: venerd\u00ec 25 marzo 2022 &#8211; Gran Teatro Geox, Padova; sabato 23 aprile 2022 &#8211; Teatro Ariston, Sanremo; sabato 7 maggio 2022 &#8211; Samsung Hall, Zurigo; luned\u00ec 16 e marted\u00ec 17 maggio 2022 &#8211; Teatro Degli Arcimboldi, Milano; domenica 26 giugno 2022 &#8211; Lucca Summer<br \/>Festival, Lucca.<br \/>(ITALPRESS).<\/div>\n<div id=\"div-gpt-ad-Messinaoggi.it-DSK-300x250-corpoart\" style=\"text-align:center;margin:0 auto;\"><\/div><\/p><div id=\"videoincontent\" style=\"clear:both\";><\/div>","protected":false},"excerpt":{"rendered":"<p>MILANO (ITALPRESS) &#8211; Il concerto di Paolo Conte nel cuore della Reggia di Venaria Reale, trasmesso in esclusiva streaming su ItsART il 30 settembre, rivivr\u00e0 in una speciale edizione limitata. Venerd\u00ec 12 novembre esce infatti &#8220;Live at Venaria Reale&#8221; in una Box Limited Edition e doppio Lp gi\u00e0 disponibile in pre-order. Paolo Conte \u00e8 attualmente [&hellip;]<\/p>\n","protected":false},"author":18,"featured_media":82699,"comment_status":"closed","ping_status":"closed","sticky":false,"template":"","format":"standard","meta":{"ub_ctt_via":"","_mi_skip_tracking":false},"categories":[446],"tags":[783],"featured_image_src":"https:\/\/www.messinaoggi.it\/website\/wp-content\/uploads\/2021\/10\/20211006_2547.jpg","author_info":{"display_name":"Admin","author_link":"https:\/\/www.messinaoggi.it\/website\/author\/admin\/"},"digistream_id":0,"digistream":false,"_links":{"self":[{"href":"https:\/\/www.messinaoggi.it\/website\/wp-json\/wp\/v2\/posts\/82698"}],"collection":[{"href":"https:\/\/www.messinaoggi.it\/website\/wp-json\/wp\/v2\/posts"}],"about":[{"href":"https:\/\/www.messinaoggi.it\/website\/wp-json\/wp\/v2\/types\/post"}],"author":[{"embeddable":true,"href":"https:\/\/www.messinaoggi.it\/website\/wp-json\/wp\/v2\/users\/18"}],"replies":[{"embeddable":true,"href":"https:\/\/www.messinaoggi.it\/website\/wp-json\/wp\/v2\/comments?post=82698"}],"version-history":[{"count":0,"href":"https:\/\/www.messinaoggi.it\/website\/wp-json\/wp\/v2\/posts\/82698\/revisions"}],"wp:featuredmedia":[{"embeddable":true,"href":"https:\/\/www.messinaoggi.it\/website\/wp-json\/wp\/v2\/media\/82699"}],"wp:attachment":[{"href":"https:\/\/www.messinaoggi.it\/website\/wp-json\/wp\/v2\/media?parent=82698"}],"wp:term":[{"taxonomy":"category","embeddable":true,"href":"https:\/\/www.messinaoggi.it\/website\/wp-json\/wp\/v2\/categories?post=82698"},{"taxonomy":"post_tag","embeddable":true,"href":"https:\/\/www.messinaoggi.it\/website\/wp-json\/wp\/v2\/tags?post=82698"}],"curies":[{"name":"wp","href":"https:\/\/api.w.org\/{rel}","templated":true}]}}