{"id":82635,"date":"2021-10-06T16:07:34","date_gmt":"2021-10-06T14:07:34","guid":{"rendered":"https:\/\/www.messinaoggi.it\/website\/2021\/10\/06\/draghi-il-governo-va-avanti-e-non-segue-il-calendario-elettorale\/"},"modified":"2021-10-06T16:49:46","modified_gmt":"2021-10-06T14:49:46","slug":"draghi-il-governo-va-avanti-e-non-segue-il-calendario-elettorale","status":"publish","type":"post","link":"https:\/\/www.messinaoggi.it\/website\/2021\/10\/06\/draghi-il-governo-va-avanti-e-non-segue-il-calendario-elettorale\/","title":{"rendered":"Draghi \u201cIl Governo va avanti e non segue il calendario elettorale\u201d"},"content":{"rendered":"<div>ROMA (ITALPRESS) &#8211; &#8220;Il governo va avanti, la sua azione non pu\u00f2 seguire il calendario elettorale ma il calendario di riforme che \u00e8 stato negoziato con la Commissione Europea per il Pnrr&#8221;. Lo ha detto il premier, Mario Draghi, nel corso della conferenza stampa dopo il Vertice UE-Balcani occidentali, a Brdo, in Slovenia.<br \/>Rispondendo alle domande dei giornalisti, il premier \u00e8 tornato sulla riforma del catasto, rassicurando: &#8220;Non c&#8217;\u00e8 una patrimoniale. Ma non \u00e8 meglio fare luce ed essere trasparenti? Intanto facciamo chiarezza, abbiamo deciso che non si tocca nulla e tutti continueranno a pagare come oggi. Questa revisione prende 5 anni&#8221;.<br \/>&#8220;Questo governo non tocca le case degli italiani, ho detto fin dall&#8217;inizio che non avrei aumentato le tasse, sono passati 7 mesi e non l&#8217;abbiamo fatto, anche se qualche richiesta l&#8217;abbiamo avuta &#8211; ha aggiunto Draghi -. Un p\u00f2 di credibilit\u00e0 l&#8217;abbiamo acquisita. Questo governo non aumenter\u00e0 le tasse&#8221;.<br \/>Poi un commento alle dichiarazioni del leader della Lega Matteo Salvini, per il quale il Carroccio non uscir\u00e0 dall&#8217;esecutivo:  &#8220;Avevo detto che avrebbe spiegato Salvini, oggi ha detto che&#8221; il governo &#8220;non \u00e8 in discussione. Poi ci vedremo nei prossimi giorni&#8221;.<br \/>(ITALPRESS).<\/div>\n<div id=\"div-gpt-ad-Messinaoggi.it-DSK-300x250-corpoart\" style=\"text-align:center;margin:0 auto;\"><\/div><\/p><div id=\"videoincontent\" style=\"clear:both\";><\/div>","protected":false},"excerpt":{"rendered":"<p>ROMA (ITALPRESS) &#8211; &#8220;Il governo va avanti, la sua azione non pu\u00f2 seguire il calendario elettorale ma il calendario di riforme che \u00e8 stato negoziato con la Commissione Europea per il Pnrr&#8221;. Lo ha detto il premier, Mario Draghi, nel corso della conferenza stampa dopo il Vertice UE-Balcani occidentali, a Brdo, in Slovenia.Rispondendo alle domande [&hellip;]<\/p>\n","protected":false},"author":18,"featured_media":82636,"comment_status":"closed","ping_status":"closed","sticky":false,"template":"","format":"standard","meta":{"ub_ctt_via":"","_mi_skip_tracking":false},"categories":[446,4],"tags":[783],"featured_image_src":"https:\/\/www.messinaoggi.it\/website\/wp-content\/uploads\/2021\/10\/20211006_1407.jpg","author_info":{"display_name":"Admin","author_link":"https:\/\/www.messinaoggi.it\/website\/author\/admin\/"},"digistream_id":0,"digistream":false,"_links":{"self":[{"href":"https:\/\/www.messinaoggi.it\/website\/wp-json\/wp\/v2\/posts\/82635"}],"collection":[{"href":"https:\/\/www.messinaoggi.it\/website\/wp-json\/wp\/v2\/posts"}],"about":[{"href":"https:\/\/www.messinaoggi.it\/website\/wp-json\/wp\/v2\/types\/post"}],"author":[{"embeddable":true,"href":"https:\/\/www.messinaoggi.it\/website\/wp-json\/wp\/v2\/users\/18"}],"replies":[{"embeddable":true,"href":"https:\/\/www.messinaoggi.it\/website\/wp-json\/wp\/v2\/comments?post=82635"}],"version-history":[{"count":1,"href":"https:\/\/www.messinaoggi.it\/website\/wp-json\/wp\/v2\/posts\/82635\/revisions"}],"predecessor-version":[{"id":82643,"href":"https:\/\/www.messinaoggi.it\/website\/wp-json\/wp\/v2\/posts\/82635\/revisions\/82643"}],"wp:featuredmedia":[{"embeddable":true,"href":"https:\/\/www.messinaoggi.it\/website\/wp-json\/wp\/v2\/media\/82636"}],"wp:attachment":[{"href":"https:\/\/www.messinaoggi.it\/website\/wp-json\/wp\/v2\/media?parent=82635"}],"wp:term":[{"taxonomy":"category","embeddable":true,"href":"https:\/\/www.messinaoggi.it\/website\/wp-json\/wp\/v2\/categories?post=82635"},{"taxonomy":"post_tag","embeddable":true,"href":"https:\/\/www.messinaoggi.it\/website\/wp-json\/wp\/v2\/tags?post=82635"}],"curies":[{"name":"wp","href":"https:\/\/api.w.org\/{rel}","templated":true}]}}