{"id":82623,"date":"2021-10-06T15:07:33","date_gmt":"2021-10-06T13:07:33","guid":{"rendered":"https:\/\/www.messinaoggi.it\/website\/2021\/10\/06\/vaccino-anti-covid-il-672-degli-italiani-e-favorevole-alla-terza-dose\/"},"modified":"2021-10-06T16:55:35","modified_gmt":"2021-10-06T14:55:35","slug":"vaccino-anti-covid-il-672-degli-italiani-e-favorevole-alla-terza-dose","status":"publish","type":"post","link":"https:\/\/www.messinaoggi.it\/website\/2021\/10\/06\/vaccino-anti-covid-il-672-degli-italiani-e-favorevole-alla-terza-dose\/","title":{"rendered":"Vaccino anti-covid, il 67,2% degli italiani \u00e8 favorevole alla terza dose"},"content":{"rendered":"<div>ROMA (ITALPRESS) &#8211; Da qualche settimana, in Italia, si \u00e8 dato il via alla somministrazione della terza dose di vaccino per alcune categorie di cittadini fragili. Nel complesso, la somministrazione della terza dose trova il parere positivo di 2 italiani su 3 (67,2%) e, di questi, il 38,9% si dichiara favorevole a una dose &#8220;booster&#8221; per tutti. A dirlo \u00e8 un sondaggio di Euromedia Research.<br \/>\nOltre a essere propensi, il 63,5% degli gli italiani si dice anche disposto a sottoporsi alla terza dose di vaccino nel caso fosse deciso dalle autorit\u00e0 &#8211; rivela il sondaggio -. In definitiva, per sconfiggere il virus e uscire finalmente dalla pandemia, oltre la met\u00e0 degli italiani si dichiara favorevole a rendere obbligatorio il vaccino per tutte le categorie. Un&#8217;ipotesi, per\u00f2, che non trova il riscontro positivo di tutti: se da un lato, tra coloro gi\u00e0 vaccinati o in procinto di farlo, la condivisione \u00e8 molto alta, dall&#8217;altro, tra gli indecisi &#8211; e, come \u00e8 ovvio, soprattutto tra la parte no-vax &#8211; prevale la contrariet\u00e0 a rendere il vaccino obbligatorio per l&#8217;intera popolazione.<br \/>\nDati Euromedia Research &#8211; Realizzato il 21\/09\/2021 con metodologia mista CATI\/CAWI su un campione di 1.000 casi rappresentativi della popolazione italiana maggiorenne.<br \/>\n(ITALPRESS).<\/div>\n<div id=\"div-gpt-ad-Messinaoggi.it-DSK-300x250-corpoart\" style=\"text-align:center;margin:0 auto;\"><\/div><\/p><div id=\"videoincontent\" style=\"clear:both\";><\/div>","protected":false},"excerpt":{"rendered":"<p>ROMA (ITALPRESS) &#8211; Da qualche settimana, in Italia, si \u00e8 dato il via alla somministrazione della terza dose di vaccino per alcune categorie di cittadini fragili. Nel complesso, la somministrazione della terza dose trova il parere positivo di 2 italiani su 3 (67,2%) e, di questi, il 38,9% si dichiara favorevole a una dose &#8220;booster&#8221; [&hellip;]<\/p>\n","protected":false},"author":18,"featured_media":68655,"comment_status":"closed","ping_status":"closed","sticky":false,"template":"","format":"standard","meta":{"ub_ctt_via":"","_mi_skip_tracking":false},"categories":[19,446],"tags":[783],"featured_image_src":"https:\/\/www.messinaoggi.it\/website\/wp-content\/uploads\/2021\/06\/20210612_1450.jpg","author_info":{"display_name":"Admin","author_link":"https:\/\/www.messinaoggi.it\/website\/author\/admin\/"},"digistream_id":0,"digistream":false,"_links":{"self":[{"href":"https:\/\/www.messinaoggi.it\/website\/wp-json\/wp\/v2\/posts\/82623"}],"collection":[{"href":"https:\/\/www.messinaoggi.it\/website\/wp-json\/wp\/v2\/posts"}],"about":[{"href":"https:\/\/www.messinaoggi.it\/website\/wp-json\/wp\/v2\/types\/post"}],"author":[{"embeddable":true,"href":"https:\/\/www.messinaoggi.it\/website\/wp-json\/wp\/v2\/users\/18"}],"replies":[{"embeddable":true,"href":"https:\/\/www.messinaoggi.it\/website\/wp-json\/wp\/v2\/comments?post=82623"}],"version-history":[{"count":2,"href":"https:\/\/www.messinaoggi.it\/website\/wp-json\/wp\/v2\/posts\/82623\/revisions"}],"predecessor-version":[{"id":82649,"href":"https:\/\/www.messinaoggi.it\/website\/wp-json\/wp\/v2\/posts\/82623\/revisions\/82649"}],"wp:featuredmedia":[{"embeddable":true,"href":"https:\/\/www.messinaoggi.it\/website\/wp-json\/wp\/v2\/media\/68655"}],"wp:attachment":[{"href":"https:\/\/www.messinaoggi.it\/website\/wp-json\/wp\/v2\/media?parent=82623"}],"wp:term":[{"taxonomy":"category","embeddable":true,"href":"https:\/\/www.messinaoggi.it\/website\/wp-json\/wp\/v2\/categories?post=82623"},{"taxonomy":"post_tag","embeddable":true,"href":"https:\/\/www.messinaoggi.it\/website\/wp-json\/wp\/v2\/tags?post=82623"}],"curies":[{"name":"wp","href":"https:\/\/api.w.org\/{rel}","templated":true}]}}