{"id":8261,"date":"2017-09-23T10:33:07","date_gmt":"2017-09-23T08:33:07","guid":{"rendered":"http:\/\/www.messinaoggi.it\/website\/?p=8261"},"modified":"2017-09-23T10:33:07","modified_gmt":"2017-09-23T08:33:07","slug":"i-t-t-l-caio-duilio-il-via-al-progetto-qualita-per-la-formazione-marittima","status":"publish","type":"post","link":"https:\/\/www.messinaoggi.it\/website\/2017\/09\/23\/i-t-t-l-caio-duilio-il-via-al-progetto-qualita-per-la-formazione-marittima\/","title":{"rendered":"I.T.T.L. \u201cCaio Duilio\u201d: il via al progetto &quot;Qualit\u00e0 per la formazione marittima\u201d"},"content":{"rendered":"<p style=\"text-align: justify\">L&#8217;istituto nautico messinese <strong>&#8220;Caio Duilio&#8221;<\/strong>, capofila nazionale per la qualit\u00e0 della formazione marittima, ha dato il via al progetto <strong>\u201cQualit\u00e0 per la formazione marittima\u201d<\/strong>. Il convegno nazionale istituti nautici si \u00e8 svolto dal 19 al 21 settembre scorsi a Messina, nell&#8217;auditorium &#8220;Giuseppe Franza&#8221;.<div id=\"div-gpt-ad-Messinaoggi.it-DSK-300x250-corpoart\" style=\"text-align:center;margin:0 auto;\"><\/div><\/p>\n<p style=\"text-align: justify\">Il punto focale dela discussione \u00e8 stato il progetto nazionale dal titolo &#8220;Qualit\u00e0 per la formazione marittima&#8221; 2016-2017 A.QUA.MARI.NA (Azione Qualit\u00e0 Marittima Nautici). A fare gli onori di casa, il dirigente scolastico dell&#8217;istituto nautico &#8220;Caio Duilio&#8221; professoressa <strong>Maria Schir\u00f2<\/strong>. Relatore \u00e8 stato il professore <strong>Alfredo Menichelli<\/strong>, dirigente scolastico che collabora con il MIUR, esperto di didattica per competenze.<div id=\"videoincontent\" style=\"clear:both\";><\/div><\/p>\n<p style=\"text-align: justify\">Gli obiettivi dell&#8217;iniziativa sono: sensibilizzare i docenti sulla necessit\u00e0 di introdurre una effettiva didattica per competenze, definire le attivit\u00e0 di aggiornamento in materia di sistemi di gestione qualit\u00e0 secondo la nuova norma ISO 9001, definire le attivit\u00e0 di mantenimento e miglioramento del SGQ (Sistema di gestione della qualit\u00e0) per la formazione marittima e innalzare le competenze degli studenti anche a livello linguistico, potenziando l&#8217;inglese marittimo.<\/p>\n<p style=\"text-align: justify\">Il corso che \u00e8 stato suddiviso in tre aree territoriali, con la prima area che ha visto come scuola capofila l&#8217;ITTL &#8220;Caio Duilio&#8221; di Messina e ben 12 Istituti della Sicilia, 7 della Calabria e 2 della Basilicata, si \u00e8 articolato in due fasi (Formazione dei docenti tutor e formazione\/aggiornamento di tutti i docenti degli Istituti nautici italiani).<\/p>\n<p> <\/p>\n<p style=\"text-align: right\">Erika Oppedisano<\/p>\n<p> <\/p>\n","protected":false},"excerpt":{"rendered":"<p>L&#8217;istituto nautico messinese &#8220;Caio Duilio&#8221;, capofila nazionale per la qualit\u00e0 della formazione marittima, ha dato il via al progetto \u201cQualit\u00e0 per la formazione marittima\u201d. Il convegno nazionale istituti nautici si \u00e8 svolto dal 19 al 21 settembre scorsi a Messina, nell&#8217;auditorium &#8220;Giuseppe Franza&#8221;. Il punto focale dela discussione \u00e8 stato il progetto nazionale dal titolo [&hellip;]<\/p>\n","protected":false},"author":8,"featured_media":8267,"comment_status":"closed","ping_status":"open","sticky":false,"template":"","format":"standard","meta":{"ub_ctt_via":"","_mi_skip_tracking":false},"categories":[7],"tags":[],"featured_image_src":"https:\/\/www.messinaoggi.it\/website\/wp-content\/uploads\/2017\/09\/ISTITUTO-TECNICO-NAUTICO-2.jpg","author_info":{"display_name":"red..me","author_link":"https:\/\/www.messinaoggi.it\/website\/author\/redstage\/"},"digistream_id":0,"digistream":false,"_links":{"self":[{"href":"https:\/\/www.messinaoggi.it\/website\/wp-json\/wp\/v2\/posts\/8261"}],"collection":[{"href":"https:\/\/www.messinaoggi.it\/website\/wp-json\/wp\/v2\/posts"}],"about":[{"href":"https:\/\/www.messinaoggi.it\/website\/wp-json\/wp\/v2\/types\/post"}],"author":[{"embeddable":true,"href":"https:\/\/www.messinaoggi.it\/website\/wp-json\/wp\/v2\/users\/8"}],"replies":[{"embeddable":true,"href":"https:\/\/www.messinaoggi.it\/website\/wp-json\/wp\/v2\/comments?post=8261"}],"version-history":[{"count":0,"href":"https:\/\/www.messinaoggi.it\/website\/wp-json\/wp\/v2\/posts\/8261\/revisions"}],"wp:featuredmedia":[{"embeddable":true,"href":"https:\/\/www.messinaoggi.it\/website\/wp-json\/wp\/v2\/media\/8267"}],"wp:attachment":[{"href":"https:\/\/www.messinaoggi.it\/website\/wp-json\/wp\/v2\/media?parent=8261"}],"wp:term":[{"taxonomy":"category","embeddable":true,"href":"https:\/\/www.messinaoggi.it\/website\/wp-json\/wp\/v2\/categories?post=8261"},{"taxonomy":"post_tag","embeddable":true,"href":"https:\/\/www.messinaoggi.it\/website\/wp-json\/wp\/v2\/tags?post=8261"}],"curies":[{"name":"wp","href":"https:\/\/api.w.org\/{rel}","templated":true}]}}