{"id":82603,"date":"2021-10-06T12:07:32","date_gmt":"2021-10-06T10:07:32","guid":{"rendered":"https:\/\/www.messinaoggi.it\/website\/2021\/10\/06\/resta-crui-la-dad-un-salvagente-ma-luniversita-e-presenza\/"},"modified":"2021-10-06T12:07:32","modified_gmt":"2021-10-06T10:07:32","slug":"resta-crui-la-dad-un-salvagente-ma-luniversita-e-presenza","status":"publish","type":"post","link":"https:\/\/www.messinaoggi.it\/website\/2021\/10\/06\/resta-crui-la-dad-un-salvagente-ma-luniversita-e-presenza\/","title":{"rendered":"Resta (Crui) \u201cLa Dad un salvagente, ma l\u2019Universit\u00e0 \u00e8 presenza\u201d"},"content":{"rendered":"<div>MILANO (ITALPRESS) &#8211; Con la pandemia &#8220;ci siamo accorti che eravamo pronti per una transizione digitale, data la velocit\u00e0 con cui abbiamo eseguito il passaggio al digitale e alla didattica a distanza, ma anche che c&#8217;erano tantissime energie nei nostri ricercatori, pronti a fare un passo avanti, un passo di qualit\u00e0 anche sul sistema universitario&#8221;. Lo ha detto Ferruccio Resta, presidente della Conferenza dei rettori delle universit\u00e0 italiane, che in un&#8217;intervista all&#8217;Italpress ha fatto il punto sul recente passato, sul presente e sul futuro del mondo accademico in Italia. &#8220;La didattica a distanza &#8211; ha spiegato &#8211; \u00e8 stato un grande salvagente in un mare in tempesta, per\u00f2 fare universit\u00e0 vuol dire essere in presenza, vuol dire confronto, relazione e anche scontro, in qualche maniera&#8221;. <br \/>&#8220;Il digitale &#8211; ha continuato &#8211; non \u00e8 un obiettivo ma uno strumento e deve essere accompagnato verso questa transizione. Immaginiamo quanto \u00e8 possibile con il digitale avere relazioni internazionali, con il mondo industriale ed entrare in una didattica innovativa. E&#8217; quello che stiamo facendo come sistema universitario nazionale&#8221;.<br \/>Il tema della fuga dei cervelli \u00e8 sempre attuale ma talvolta Resta ne ha parlato come un falso problema. &#8220;Se pensiamo di mettere steccati ai nostri laureati &#8211; ha spiegato &#8211; non stiamo leggendo la voglia di mobilit\u00e0 dei nostri giovani. Cosa dobbiamo fare? Innanzitutto attrarre e poi costruire opportunit\u00e0 sempre pi\u00f9 attrattive sui nostri territori per chi si laurea da noi&#8221;. Occorre, quindi, &#8220;maggiore innovazione dei programmi di assunzioni con le imprese e con il mondo delle istituzioni&#8221;.<br \/>Per il presidente della Conferenza dei rettori, da qui ai prossimi dieci anni, &#8220;ogni universit\u00e0 dovr\u00e0 cercare di trovare una sua peculiarit\u00e0, una specializzazione del proprio sistema universitario, nella formazione, nella ricerca, nell&#8217;innovazione, nella divulgazione scientifica e capire qual \u00e8 il proprio ruolo all&#8217;interno del sistema e del territorio. Questa sar\u00e0 la grande sfida&#8221;.<br \/>(ITALPRESS).<\/div>\n<div id=\"div-gpt-ad-Messinaoggi.it-DSK-300x250-corpoart\" style=\"text-align:center;margin:0 auto;\"><\/div><\/p><div id=\"videoincontent\" style=\"clear:both\";><\/div>","protected":false},"excerpt":{"rendered":"<p>MILANO (ITALPRESS) &#8211; Con la pandemia &#8220;ci siamo accorti che eravamo pronti per una transizione digitale, data la velocit\u00e0 con cui abbiamo eseguito il passaggio al digitale e alla didattica a distanza, ma anche che c&#8217;erano tantissime energie nei nostri ricercatori, pronti a fare un passo avanti, un passo di qualit\u00e0 anche sul sistema universitario&#8221;. [&hellip;]<\/p>\n","protected":false},"author":18,"featured_media":82604,"comment_status":"closed","ping_status":"closed","sticky":false,"template":"","format":"standard","meta":{"ub_ctt_via":"","_mi_skip_tracking":false},"categories":[446],"tags":[783],"featured_image_src":"https:\/\/www.messinaoggi.it\/website\/wp-content\/uploads\/2021\/10\/20211006_0284.jpg","author_info":{"display_name":"Admin","author_link":"https:\/\/www.messinaoggi.it\/website\/author\/admin\/"},"digistream_id":0,"digistream":false,"_links":{"self":[{"href":"https:\/\/www.messinaoggi.it\/website\/wp-json\/wp\/v2\/posts\/82603"}],"collection":[{"href":"https:\/\/www.messinaoggi.it\/website\/wp-json\/wp\/v2\/posts"}],"about":[{"href":"https:\/\/www.messinaoggi.it\/website\/wp-json\/wp\/v2\/types\/post"}],"author":[{"embeddable":true,"href":"https:\/\/www.messinaoggi.it\/website\/wp-json\/wp\/v2\/users\/18"}],"replies":[{"embeddable":true,"href":"https:\/\/www.messinaoggi.it\/website\/wp-json\/wp\/v2\/comments?post=82603"}],"version-history":[{"count":0,"href":"https:\/\/www.messinaoggi.it\/website\/wp-json\/wp\/v2\/posts\/82603\/revisions"}],"wp:featuredmedia":[{"embeddable":true,"href":"https:\/\/www.messinaoggi.it\/website\/wp-json\/wp\/v2\/media\/82604"}],"wp:attachment":[{"href":"https:\/\/www.messinaoggi.it\/website\/wp-json\/wp\/v2\/media?parent=82603"}],"wp:term":[{"taxonomy":"category","embeddable":true,"href":"https:\/\/www.messinaoggi.it\/website\/wp-json\/wp\/v2\/categories?post=82603"},{"taxonomy":"post_tag","embeddable":true,"href":"https:\/\/www.messinaoggi.it\/website\/wp-json\/wp\/v2\/tags?post=82603"}],"curies":[{"name":"wp","href":"https:\/\/api.w.org\/{rel}","templated":true}]}}