{"id":82579,"date":"2021-10-06T09:07:31","date_gmt":"2021-10-06T07:07:31","guid":{"rendered":"https:\/\/www.messinaoggi.it\/website\/2021\/10\/06\/letta-strappo-di-salvini-irresponsabile-contro-draghi\/"},"modified":"2021-10-06T09:07:54","modified_gmt":"2021-10-06T07:07:54","slug":"letta-strappo-di-salvini-irresponsabile-contro-draghi","status":"publish","type":"post","link":"https:\/\/www.messinaoggi.it\/website\/2021\/10\/06\/letta-strappo-di-salvini-irresponsabile-contro-draghi\/","title":{"rendered":"Letta \u201cStrappo di Salvini irresponsabile contro Draghi\u201d"},"content":{"rendered":"<div>ROMA (ITALPRESS) &#8211; &#8220;Lo strappo di Salvini \u00e8 gravissimo e irresponsabile. La riforma fiscale \u00e8 fondamentale per avere i soldi del Pnrr&#8221;. Cos\u00ec il segretario del PD Enrico Letta parla al &#8220;Corriere della Sera&#8221; sulla possibile crisi aperta dalla Lega di Matteo Salvini. Quindi sulla possibilit\u00e0 che il Carroccio esca dal Governo, aggiunge: &#8220;Non lo so, sta a lui chiarire, ma c&#8217;\u00e8 un nesso evidente tra il disastro elettorale della Lega e il tentativo di far saltare il banco. Salvini ha detto cose di una gravit\u00e0 enorme sul premier, gli ha dato del bugiardo e chiede agli italiani di scegliere tra lui e Draghi. Noi difendiamo Draghi e penso anche gli italiani&#8221; aggiunge confermando che il voto rafforza il governo: &#8220;Continuo a pensarlo&#8221;. Quindi sulla pssibilit\u00e0 di ereditare il posto di Draghi, dice: &#8220;Non \u00e8 un discorso personale il mio, il Pd erediter\u00e0 il testimone perch\u00e8 \u00e8 il motore di questo governo. Ma non \u00e8 oggi che mi candido a premier. La vittoria ai ballottaggi, che non \u00e8 scontata, sar\u00e0 un primo passo. Il Pd ha bisogno di tempo e lo dimostra la Calabria. Ringrazio Amalia Bruni per la straordinaria campagna, ma al Sud \u00e8 evidente che abbiamo un problema&#8221;.<br \/>\n(ITALPRESS).<\/div>\n<div id=\"div-gpt-ad-Messinaoggi.it-DSK-300x250-corpoart\" style=\"text-align:center;margin:0 auto;\"><\/div><\/p><div id=\"videoincontent\" style=\"clear:both\";><\/div>","protected":false},"excerpt":{"rendered":"<p>ROMA (ITALPRESS) &#8211; &#8220;Lo strappo di Salvini \u00e8 gravissimo e irresponsabile. La riforma fiscale \u00e8 fondamentale per avere i soldi del Pnrr&#8221;. Cos\u00ec il segretario del PD Enrico Letta parla al &#8220;Corriere della Sera&#8221; sulla possibile crisi aperta dalla Lega di Matteo Salvini. Quindi sulla possibilit\u00e0 che il Carroccio esca dal Governo, aggiunge: &#8220;Non lo [&hellip;]<\/p>\n","protected":false},"author":18,"featured_media":82580,"comment_status":"closed","ping_status":"closed","sticky":false,"template":"","format":"standard","meta":{"ub_ctt_via":"","_mi_skip_tracking":false},"categories":[446,4],"tags":[783],"featured_image_src":"https:\/\/www.messinaoggi.it\/website\/wp-content\/uploads\/2021\/10\/20211006_0093.jpg","author_info":{"display_name":"Admin","author_link":"https:\/\/www.messinaoggi.it\/website\/author\/admin\/"},"digistream_id":0,"digistream":false,"_links":{"self":[{"href":"https:\/\/www.messinaoggi.it\/website\/wp-json\/wp\/v2\/posts\/82579"}],"collection":[{"href":"https:\/\/www.messinaoggi.it\/website\/wp-json\/wp\/v2\/posts"}],"about":[{"href":"https:\/\/www.messinaoggi.it\/website\/wp-json\/wp\/v2\/types\/post"}],"author":[{"embeddable":true,"href":"https:\/\/www.messinaoggi.it\/website\/wp-json\/wp\/v2\/users\/18"}],"replies":[{"embeddable":true,"href":"https:\/\/www.messinaoggi.it\/website\/wp-json\/wp\/v2\/comments?post=82579"}],"version-history":[{"count":1,"href":"https:\/\/www.messinaoggi.it\/website\/wp-json\/wp\/v2\/posts\/82579\/revisions"}],"predecessor-version":[{"id":82581,"href":"https:\/\/www.messinaoggi.it\/website\/wp-json\/wp\/v2\/posts\/82579\/revisions\/82581"}],"wp:featuredmedia":[{"embeddable":true,"href":"https:\/\/www.messinaoggi.it\/website\/wp-json\/wp\/v2\/media\/82580"}],"wp:attachment":[{"href":"https:\/\/www.messinaoggi.it\/website\/wp-json\/wp\/v2\/media?parent=82579"}],"wp:term":[{"taxonomy":"category","embeddable":true,"href":"https:\/\/www.messinaoggi.it\/website\/wp-json\/wp\/v2\/categories?post=82579"},{"taxonomy":"post_tag","embeddable":true,"href":"https:\/\/www.messinaoggi.it\/website\/wp-json\/wp\/v2\/tags?post=82579"}],"curies":[{"name":"wp","href":"https:\/\/api.w.org\/{rel}","templated":true}]}}